{"id":6985,"date":"2026-03-11T08:34:01","date_gmt":"2026-03-11T07:34:01","guid":{"rendered":"https:\/\/vetk.hu\/?p=6985"},"modified":"2026-03-11T08:46:35","modified_gmt":"2026-03-11T07:46:35","slug":"ha-veszpremben-jarsz-ezt-ne-hagyd-ki","status":"publish","type":"post","link":"https:\/\/vetk.hu\/en\/2026\/03\/11\/ha-veszpremben-jarsz-ezt-ne-hagyd-ki\/","title":{"rendered":"If you're visiting Veszpr\u00e9m, don't miss this"},"content":{"rendered":"<div data-elementor-type=\"wp-post\" data-elementor-id=\"6985\" class=\"elementor elementor-6985\" data-elementor-post-type=\"post\">\n\t\t\t\t\t\t<section class=\"elementor-section elementor-top-section elementor-element elementor-element-a2c242e elementor-section-boxed elementor-section-height-default elementor-section-height-default\" data-id=\"a2c242e\" data-element_type=\"section\" data-e-type=\"section\">\n\t\t\t\t\t\t<div class=\"elementor-container elementor-column-gap-default\">\n\t\t\t\t\t<div class=\"elementor-column elementor-col-100 elementor-top-column elementor-element elementor-element-76ac486\" data-id=\"76ac486\" data-element_type=\"column\" data-e-type=\"column\">\n\t\t\t<div class=\"elementor-widget-wrap elementor-element-populated\">\n\t\t\t\t\t\t<div class=\"elementor-element elementor-element-c522b6d elementor-widget elementor-widget-text-editor\" data-id=\"c522b6d\" data-element_type=\"widget\" data-e-type=\"widget\" data-widget_type=\"text-editor.default\">\n\t\t\t\t<div class=\"elementor-widget-container\">\n\t\t\t\t\t\t\t\t\t<p>The Castle District of Veszpr\u00e9m has been at the heart of the city\u2019s history for over a thousand years. As you stroll among the buildings perched on the steep castle hill, the Middle Ages, the Baroque era, and the cultural life of the modern city all come to life side by side. One of the most notable Baroque buildings on V\u00e1r Street is the Bir\u00f3\u2013Giczey House, which today hosts exhibitions and tourist programs. It is a great starting point for anyone wishing to explore the history and artistic heritage of Veszpr\u00e9m\u2019s ecclesiastical center.<\/p>\t\t\t\t\t\t\t\t<\/div>\n\t\t\t\t<\/div>\n\t\t\t\t\t<\/div>\n\t\t<\/div>\n\t\t\t\t\t<\/div>\n\t\t<\/section>\n\t\t\t\t<section class=\"elementor-section elementor-top-section elementor-element elementor-element-36c4a69 elementor-section-boxed elementor-section-height-default elementor-section-height-default\" data-id=\"36c4a69\" data-element_type=\"section\" data-e-type=\"section\">\n\t\t\t\t\t\t<div class=\"elementor-container elementor-column-gap-default\">\n\t\t\t\t\t<div class=\"elementor-column elementor-col-50 elementor-top-column elementor-element elementor-element-49b1dae\" data-id=\"49b1dae\" data-element_type=\"column\" data-e-type=\"column\">\n\t\t\t<div class=\"elementor-widget-wrap elementor-element-populated\">\n\t\t\t\t\t\t<div class=\"elementor-element elementor-element-d2dbee4 elementor-widget elementor-widget-text-editor\" data-id=\"d2dbee4\" data-element_type=\"widget\" data-e-type=\"widget\" data-widget_type=\"text-editor.default\">\n\t\t\t\t<div class=\"elementor-widget-container\">\n\t\t\t\t\t\t\t\t\t<p>This 18th-century residential building was constructed in 1772. The rooms of the former residence currently house the<\/p><p>\u201cThistle and Lily \u2013 The Flowers of the Magdolnas\u201d<\/p><p>exhibition.<\/p><p>A soft glow envelops the exhibition, which presents the figure of Mary Magdalene and the artistic tradition of her veneration through works from the Archdiocesan Collection of Blessed Gisela. The thistle and lily mentioned in the title are important symbols of the Christian symbolism associated with Mary Magdalene.<\/p>\t\t\t\t\t\t\t\t<\/div>\n\t\t\t\t<\/div>\n\t\t\t\t\t<\/div>\n\t\t<\/div>\n\t\t\t\t<div class=\"elementor-column elementor-col-50 elementor-top-column elementor-element elementor-element-e70da54\" data-id=\"e70da54\" data-element_type=\"column\" data-e-type=\"column\">\n\t\t\t<div class=\"elementor-widget-wrap elementor-element-populated\">\n\t\t\t\t\t\t<div class=\"elementor-element elementor-element-a771286 elementor-widget__width-initial elementor-widget elementor-widget-image\" data-id=\"a771286\" data-element_type=\"widget\" data-e-type=\"widget\" data-widget_type=\"image.default\">\n\t\t\t\t<div class=\"elementor-widget-container\">\n\t\t\t\t\t\t\t\t\t\t\t\t\t\t\t<img fetchpriority=\"high\" decoding=\"async\" width=\"800\" height=\"600\" src=\"https:\/\/vetk.hu\/wp-content\/uploads\/2025\/07\/kiallitas3-Masolas1-1024x768.jpg\" class=\"attachment-large size-large wp-image-5445\" alt=\"\" srcset=\"https:\/\/vetk.hu\/wp-content\/uploads\/2025\/07\/kiallitas3-Masolas1-1024x768.jpg 1024w, https:\/\/vetk.hu\/wp-content\/uploads\/2025\/07\/kiallitas3-Masolas1-300x225.jpg 300w, https:\/\/vetk.hu\/wp-content\/uploads\/2025\/07\/kiallitas3-Masolas1-768x576.jpg 768w, https:\/\/vetk.hu\/wp-content\/uploads\/2025\/07\/kiallitas3-Masolas1-1536x1152.jpg 1536w, https:\/\/vetk.hu\/wp-content\/uploads\/2025\/07\/kiallitas3-Masolas1-2048x1536.jpg 2048w, https:\/\/vetk.hu\/wp-content\/uploads\/2025\/07\/kiallitas3-Masolas1-16x12.jpg 16w\" sizes=\"(max-width: 800px) 100vw, 800px\" \/>\t\t\t\t\t\t\t\t\t\t\t\t\t\t\t<\/div>\n\t\t\t\t<\/div>\n\t\t\t\t\t<\/div>\n\t\t<\/div>\n\t\t\t\t\t<\/div>\n\t\t<\/section>\n\t\t\t\t<section class=\"elementor-section elementor-top-section elementor-element elementor-element-ea6bd3b elementor-section-boxed elementor-section-height-default elementor-section-height-default\" data-id=\"ea6bd3b\" data-element_type=\"section\" data-e-type=\"section\">\n\t\t\t\t\t\t<div class=\"elementor-container elementor-column-gap-default\">\n\t\t\t\t\t<div class=\"elementor-column elementor-col-50 elementor-top-column elementor-element elementor-element-79d136d\" data-id=\"79d136d\" data-element_type=\"column\" data-e-type=\"column\">\n\t\t\t<div class=\"elementor-widget-wrap elementor-element-populated\">\n\t\t\t\t\t\t<div class=\"elementor-element elementor-element-2e6099f elementor-widget elementor-widget-image\" data-id=\"2e6099f\" data-element_type=\"widget\" data-e-type=\"widget\" data-widget_type=\"image.default\">\n\t\t\t\t<div class=\"elementor-widget-container\">\n\t\t\t\t\t\t\t\t\t\t\t\t\t\t\t<img decoding=\"async\" width=\"800\" height=\"450\" src=\"https:\/\/vetk.hu\/wp-content\/uploads\/2026\/03\/kottanyomda-1024x576.jpg\" class=\"attachment-large size-large wp-image-6988\" alt=\"\" srcset=\"https:\/\/vetk.hu\/wp-content\/uploads\/2026\/03\/kottanyomda-1024x576.jpg 1024w, https:\/\/vetk.hu\/wp-content\/uploads\/2026\/03\/kottanyomda-300x169.jpg 300w, https:\/\/vetk.hu\/wp-content\/uploads\/2026\/03\/kottanyomda-768x432.jpg 768w, https:\/\/vetk.hu\/wp-content\/uploads\/2026\/03\/kottanyomda-1536x864.jpg 1536w, https:\/\/vetk.hu\/wp-content\/uploads\/2026\/03\/kottanyomda-2048x1152.jpg 2048w, https:\/\/vetk.hu\/wp-content\/uploads\/2026\/03\/kottanyomda-18x10.jpg 18w\" sizes=\"(max-width: 800px) 100vw, 800px\" \/>\t\t\t\t\t\t\t\t\t\t\t\t\t\t\t<\/div>\n\t\t\t\t<\/div>\n\t\t\t\t\t<\/div>\n\t\t<\/div>\n\t\t\t\t<div class=\"elementor-column elementor-col-50 elementor-top-column elementor-element elementor-element-352b911\" data-id=\"352b911\" data-element_type=\"column\" data-e-type=\"column\">\n\t\t\t<div class=\"elementor-widget-wrap elementor-element-populated\">\n\t\t\t\t\t\t<div class=\"elementor-element elementor-element-a0401f9 elementor-widget elementor-widget-text-editor\" data-id=\"a0401f9\" data-element_type=\"widget\" data-e-type=\"widget\" data-widget_type=\"text-editor.default\">\n\t\t\t\t<div class=\"elementor-widget-container\">\n\t\t\t\t\t\t\t\t\t<p>Multiple exhibitions in one building<\/p><p>Several themed exhibitions await visitors at the Bir\u00f3\u2013Giczey House. These include<\/p><p>an interactive exhibition on the history of the Veszpr\u00e9m Chapter<br \/>materials showcasing the history of St. Michael\u2019s Cathedral<br \/>as well as archaeological finds and historical documents<\/p><p>Together, the various exhibitions provide a brief yet comprehensive overview of the history of the Diocese of Veszpr\u00e9m and the castle district.<\/p>\t\t\t\t\t\t\t\t<\/div>\n\t\t\t\t<\/div>\n\t\t\t\t\t<\/div>\n\t\t<\/div>\n\t\t\t\t\t<\/div>\n\t\t<\/section>\n\t\t\t\t<section class=\"elementor-section elementor-top-section elementor-element elementor-element-9107744 elementor-section-boxed elementor-section-height-default elementor-section-height-default\" data-id=\"9107744\" data-element_type=\"section\" data-e-type=\"section\">\n\t\t\t\t\t\t<div class=\"elementor-container elementor-column-gap-default\">\n\t\t\t\t\t<div class=\"elementor-column elementor-col-50 elementor-top-column elementor-element elementor-element-7aafb84\" data-id=\"7aafb84\" data-element_type=\"column\" data-e-type=\"column\">\n\t\t\t<div class=\"elementor-widget-wrap elementor-element-populated\">\n\t\t\t\t\t\t<div class=\"elementor-element elementor-element-76b16f7 elementor-widget elementor-widget-text-editor\" data-id=\"76b16f7\" data-element_type=\"widget\" data-e-type=\"widget\" data-widget_type=\"text-editor.default\">\n\t\t\t\t<div class=\"elementor-widget-container\">\n\t\t\t\t\t\t\t\t\t<p>Guided tours:<\/p><p>The Bir\u00f3\u2013Giczey House is one of the main meeting points for programs in the Castle District. This is where guided castle tours begin, during which a docent introduces visitors to the buildings on V\u00e1r Street, the history of the episcopal center, and the castle\u2019s most important religious monuments.<\/p><p>During the tours, visitors can learn more about, among other things,<\/p><p>the history of St. Michael\u2019s Cathedral<br \/>the frescoes in the Gisela Chapel<br \/>as well as the Veszpr\u00e9m Archbishop\u2019s Palace and other buildings on V\u00e1r Street<\/p>\t\t\t\t\t\t\t\t<\/div>\n\t\t\t\t<\/div>\n\t\t\t\t\t<\/div>\n\t\t<\/div>\n\t\t\t\t<div class=\"elementor-column elementor-col-50 elementor-top-column elementor-element elementor-element-b92d540\" data-id=\"b92d540\" data-element_type=\"column\" data-e-type=\"column\">\n\t\t\t<div class=\"elementor-widget-wrap elementor-element-populated\">\n\t\t\t\t\t\t<div class=\"elementor-element elementor-element-b772044 elementor-widget elementor-widget-image\" data-id=\"b772044\" data-element_type=\"widget\" data-e-type=\"widget\" data-widget_type=\"image.default\">\n\t\t\t\t<div class=\"elementor-widget-container\">\n\t\t\t\t\t\t\t\t\t\t\t\t\t\t\t<img decoding=\"async\" width=\"169\" height=\"300\" src=\"https:\/\/vetk.hu\/wp-content\/uploads\/2026\/03\/makett-1-169x300.jpg\" class=\"attachment-medium size-medium wp-image-6989\" alt=\"\" srcset=\"https:\/\/vetk.hu\/wp-content\/uploads\/2026\/03\/makett-1-169x300.jpg 169w, https:\/\/vetk.hu\/wp-content\/uploads\/2026\/03\/makett-1-576x1024.jpg 576w, https:\/\/vetk.hu\/wp-content\/uploads\/2026\/03\/makett-1-768x1365.jpg 768w, https:\/\/vetk.hu\/wp-content\/uploads\/2026\/03\/makett-1-864x1536.jpg 864w, https:\/\/vetk.hu\/wp-content\/uploads\/2026\/03\/makett-1-7x12.jpg 7w, https:\/\/vetk.hu\/wp-content\/uploads\/2026\/03\/makett-1-rotated.jpg 1134w\" sizes=\"(max-width: 169px) 100vw, 169px\" \/>\t\t\t\t\t\t\t\t\t\t\t\t\t\t\t<\/div>\n\t\t\t\t<\/div>\n\t\t\t\t\t<\/div>\n\t\t<\/div>\n\t\t\t\t\t<\/div>\n\t\t<\/section>\n\t\t\t\t<section class=\"elementor-section elementor-top-section elementor-element elementor-element-83ebfbf elementor-section-boxed elementor-section-height-default elementor-section-height-default\" data-id=\"83ebfbf\" data-element_type=\"section\" data-e-type=\"section\">\n\t\t\t\t\t\t<div class=\"elementor-container elementor-column-gap-default\">\n\t\t\t\t\t<div class=\"elementor-column elementor-col-100 elementor-top-column elementor-element elementor-element-5541ff8\" data-id=\"5541ff8\" data-element_type=\"column\" data-e-type=\"column\">\n\t\t\t<div class=\"elementor-widget-wrap elementor-element-populated\">\n\t\t\t\t\t\t<div class=\"elementor-element elementor-element-e38c59a elementor-widget elementor-widget-text-editor\" data-id=\"e38c59a\" data-element_type=\"widget\" data-e-type=\"widget\" data-widget_type=\"text-editor.default\">\n\t\t\t\t<div class=\"elementor-widget-container\">\n\t\t\t\t\t\t\t\t\t<p>Guided tours usually depart at various times on weekends. You can find information about current tours and schedules here:<\/p><p><a href=\"https:\/\/vetk.hu\/en\/events\/\">EVENT CALENDAR<\/a><\/p><p>8200 Veszpr\u00e9m, 31 V\u00e1r Street<\/p><p>Opening hours<br \/>Tuesday - Sunday: 10:00 a.m. - 6:00 p.m.<\/p><p>Admission to the exhibitions is free.<\/p>\t\t\t\t\t\t\t\t<\/div>\n\t\t\t\t<\/div>\n\t\t\t\t\t<\/div>\n\t\t<\/div>\n\t\t\t\t\t<\/div>\n\t\t<\/section>\n\t\t\t\t<\/div>","protected":false},"excerpt":{"rendered":"<p>A veszpr\u00e9mi V\u00e1rnegyed t\u00f6bb mint ezer \u00e9ve a v\u00e1ros t\u00f6rt\u00e9net\u00e9nek k\u00f6zpontja. A meredek v\u00e1rhegyen \u00e1ll\u00f3 \u00e9p\u00fcletek k\u00f6z\u00f6tt s\u00e9t\u00e1lva egym\u00e1s mellett jelenik meg a k\u00f6z\u00e9pkor, a barokk korszak \u00e9s a mai [&hellip;]<\/p>\n","protected":false},"author":5,"featured_media":6984,"comment_status":"open","ping_status":"open","sticky":false,"template":"","format":"standard","meta":{"_acf_changed":false,"_price":"","_stock":"","_tribe_ticket_header":"","_tribe_default_ticket_provider":"","_tribe_ticket_capacity":"","_ticket_start_date":"","_ticket_end_date":"","_tribe_ticket_show_description":"","_tribe_ticket_show_not_going":false,"_tribe_ticket_use_global_stock":"","_tribe_ticket_global_stock_level":"","_global_stock_mode":"","_global_stock_cap":"","_tribe_rsvp_for_event":"","_tribe_ticket_going_count":"","_tribe_ticket_not_going_count":"","_tribe_tickets_list":"[]","_tribe_ticket_has_attendee_info_fields":false,"footnotes":""},"categories":[8],"tags":[62,41,35,26,60,78,112,115],"class_list":["post-6985","post","type-post","status-publish","format-standard","has-post-thumbnail","hentry","category-hirek","tag-biro-giczey-haz","tag-kiallitas","tag-regeszet","tag-szent-mihaly-foszekesegyhaz","tag-tarlatvezetes","tag-turavezetes","tag-vezetett-seta","tag-vezetett-varseta"],"acf":[],"yoast_head":"<!-- This site is optimized with the Yoast SEO plugin v27.3 - https:\/\/yoast.com\/product\/yoast-seo-wordpress\/ -->\n<title>Ha Veszpr\u00e9mben j\u00e1rsz, ezt ne hagyd ki - Veszpr\u00e9mi \u00c9rseks\u00e9g Turisztikai K\u00f6zpont<\/title>\n<meta name=\"description\" content=\"Vezetett v\u00e1rs\u00e9t\u00e1kkal, n\u00e9gy ki\u00e1ll\u00edt\u00e1ssal, aj\u00e1nd\u00e9kbolttal \u00e9s a kanonoki h\u00e1z kertj\u00e9vel v\u00e1runk szeretettel mindenkit!\" \/>\n<meta name=\"robots\" content=\"index, follow, max-snippet:-1, max-image-preview:large, max-video-preview:-1\" \/>\n<link rel=\"canonical\" href=\"https:\/\/vetk.hu\/en\/2026\/03\/11\/ha-veszpremben-jarsz-ezt-ne-hagyd-ki\/\" \/>\n<meta property=\"og:locale\" content=\"en_GB\" \/>\n<meta property=\"og:type\" content=\"article\" \/>\n<meta property=\"og:title\" content=\"Ha Veszpr\u00e9mben j\u00e1rsz, ezt ne hagyd ki - Veszpr\u00e9mi \u00c9rseks\u00e9g Turisztikai K\u00f6zpont\" \/>\n<meta property=\"og:description\" content=\"Vezetett v\u00e1rs\u00e9t\u00e1kkal, n\u00e9gy ki\u00e1ll\u00edt\u00e1ssal, aj\u00e1nd\u00e9kbolttal \u00e9s a kanonoki h\u00e1z kertj\u00e9vel v\u00e1runk szeretettel mindenkit!\" \/>\n<meta property=\"og:url\" content=\"https:\/\/vetk.hu\/en\/2026\/03\/11\/ha-veszpremben-jarsz-ezt-ne-hagyd-ki\/\" \/>\n<meta property=\"og:site_name\" content=\"Veszpr\u00e9mi \u00c9rseks\u00e9g Turisztikai K\u00f6zpont\" \/>\n<meta property=\"article:published_time\" content=\"2026-03-11T07:34:01+00:00\" \/>\n<meta property=\"article:modified_time\" content=\"2026-03-11T07:46:35+00:00\" \/>\n<meta property=\"og:image\" content=\"https:\/\/vetk.hu\/wp-content\/uploads\/2026\/03\/irogepek.jpg\" \/>\n\t<meta property=\"og:image:width\" content=\"2016\" \/>\n\t<meta property=\"og:image:height\" content=\"1134\" \/>\n\t<meta property=\"og:image:type\" content=\"image\/jpeg\" \/>\n<meta name=\"author\" content=\"Kiss D\u00e1vid\" \/>\n<meta name=\"twitter:card\" content=\"summary_large_image\" \/>\n<meta name=\"twitter:label1\" content=\"Written by\" \/>\n\t<meta name=\"twitter:data1\" content=\"Kiss D\u00e1vid\" \/>\n\t<meta name=\"twitter:label2\" content=\"Estimated reading time\" \/>\n\t<meta name=\"twitter:data2\" content=\"3 minutes\" \/>\n<script type=\"application\/ld+json\" class=\"yoast-schema-graph\">{\"@context\":\"https:\\\/\\\/schema.org\",\"@graph\":[{\"@type\":\"Article\",\"@id\":\"https:\\\/\\\/vetk.hu\\\/2026\\\/03\\\/11\\\/ha-veszpremben-jarsz-ezt-ne-hagyd-ki\\\/#article\",\"isPartOf\":{\"@id\":\"https:\\\/\\\/vetk.hu\\\/2026\\\/03\\\/11\\\/ha-veszpremben-jarsz-ezt-ne-hagyd-ki\\\/\"},\"author\":{\"name\":\"Kiss D\u00e1vid\",\"@id\":\"https:\\\/\\\/vetk.hu\\\/#\\\/schema\\\/person\\\/f74be88ca28547b570f744b888847fb4\"},\"headline\":\"Ha Veszpr\u00e9mben j\u00e1rsz, ezt ne hagyd ki\",\"datePublished\":\"2026-03-11T07:34:01+00:00\",\"dateModified\":\"2026-03-11T07:46:35+00:00\",\"mainEntityOfPage\":{\"@id\":\"https:\\\/\\\/vetk.hu\\\/2026\\\/03\\\/11\\\/ha-veszpremben-jarsz-ezt-ne-hagyd-ki\\\/\"},\"wordCount\":469,\"commentCount\":0,\"publisher\":{\"@id\":\"https:\\\/\\\/vetk.hu\\\/#organization\"},\"image\":{\"@id\":\"https:\\\/\\\/vetk.hu\\\/2026\\\/03\\\/11\\\/ha-veszpremben-jarsz-ezt-ne-hagyd-ki\\\/#primaryimage\"},\"thumbnailUrl\":\"https:\\\/\\\/vetk.hu\\\/wp-content\\\/uploads\\\/2026\\\/03\\\/irogepek.jpg\",\"keywords\":[\"Bir\u00f3-Giczey H\u00e1z\",\"ki\u00e1ll\u00edt\u00e1s\",\"r\u00e9g\u00e9szet\",\"Szent Mih\u00e1ly F\u0151sz\u00e9kesegyh\u00e1z\",\"t\u00e1rlatvezet\u00e9s\",\"t\u00faravezet\u00e9s\",\"vezetett s\u00e9ta\",\"vezetett v\u00e1rs\u00e9ta\"],\"articleSection\":[\"H\u00edrek\"],\"inLanguage\":\"en-GB\",\"potentialAction\":[{\"@type\":\"CommentAction\",\"name\":\"Comment\",\"target\":[\"https:\\\/\\\/vetk.hu\\\/2026\\\/03\\\/11\\\/ha-veszpremben-jarsz-ezt-ne-hagyd-ki\\\/#respond\"]}]},{\"@type\":\"WebPage\",\"@id\":\"https:\\\/\\\/vetk.hu\\\/2026\\\/03\\\/11\\\/ha-veszpremben-jarsz-ezt-ne-hagyd-ki\\\/\",\"url\":\"https:\\\/\\\/vetk.hu\\\/2026\\\/03\\\/11\\\/ha-veszpremben-jarsz-ezt-ne-hagyd-ki\\\/\",\"name\":\"Ha Veszpr\u00e9mben j\u00e1rsz, ezt ne hagyd ki - Veszpr\u00e9mi \u00c9rseks\u00e9g Turisztikai K\u00f6zpont\",\"isPartOf\":{\"@id\":\"https:\\\/\\\/vetk.hu\\\/#website\"},\"primaryImageOfPage\":{\"@id\":\"https:\\\/\\\/vetk.hu\\\/2026\\\/03\\\/11\\\/ha-veszpremben-jarsz-ezt-ne-hagyd-ki\\\/#primaryimage\"},\"image\":{\"@id\":\"https:\\\/\\\/vetk.hu\\\/2026\\\/03\\\/11\\\/ha-veszpremben-jarsz-ezt-ne-hagyd-ki\\\/#primaryimage\"},\"thumbnailUrl\":\"https:\\\/\\\/vetk.hu\\\/wp-content\\\/uploads\\\/2026\\\/03\\\/irogepek.jpg\",\"datePublished\":\"2026-03-11T07:34:01+00:00\",\"dateModified\":\"2026-03-11T07:46:35+00:00\",\"description\":\"Vezetett v\u00e1rs\u00e9t\u00e1kkal, n\u00e9gy ki\u00e1ll\u00edt\u00e1ssal, aj\u00e1nd\u00e9kbolttal \u00e9s a kanonoki h\u00e1z kertj\u00e9vel v\u00e1runk szeretettel mindenkit!\",\"breadcrumb\":{\"@id\":\"https:\\\/\\\/vetk.hu\\\/2026\\\/03\\\/11\\\/ha-veszpremben-jarsz-ezt-ne-hagyd-ki\\\/#breadcrumb\"},\"inLanguage\":\"en-GB\",\"potentialAction\":[{\"@type\":\"ReadAction\",\"target\":[\"https:\\\/\\\/vetk.hu\\\/2026\\\/03\\\/11\\\/ha-veszpremben-jarsz-ezt-ne-hagyd-ki\\\/\"]}]},{\"@type\":\"ImageObject\",\"inLanguage\":\"en-GB\",\"@id\":\"https:\\\/\\\/vetk.hu\\\/2026\\\/03\\\/11\\\/ha-veszpremben-jarsz-ezt-ne-hagyd-ki\\\/#primaryimage\",\"url\":\"https:\\\/\\\/vetk.hu\\\/wp-content\\\/uploads\\\/2026\\\/03\\\/irogepek.jpg\",\"contentUrl\":\"https:\\\/\\\/vetk.hu\\\/wp-content\\\/uploads\\\/2026\\\/03\\\/irogepek.jpg\",\"width\":2016,\"height\":1134},{\"@type\":\"BreadcrumbList\",\"@id\":\"https:\\\/\\\/vetk.hu\\\/2026\\\/03\\\/11\\\/ha-veszpremben-jarsz-ezt-ne-hagyd-ki\\\/#breadcrumb\",\"itemListElement\":[{\"@type\":\"ListItem\",\"position\":1,\"name\":\"Home\",\"item\":\"https:\\\/\\\/vetk.hu\\\/\"},{\"@type\":\"ListItem\",\"position\":2,\"name\":\"Ha Veszpr\u00e9mben j\u00e1rsz, ezt ne hagyd ki\"}]},{\"@type\":\"WebSite\",\"@id\":\"https:\\\/\\\/vetk.hu\\\/#website\",\"url\":\"https:\\\/\\\/vetk.hu\\\/\",\"name\":\"Veszpr\u00e9mi \u00c9rseki Turisztikai K\u00f6zpont \u2013 Hit, \u00f6r\u00f6ks\u00e9g, \u00e9lm\u00e9ny | vetk.hu\",\"description\":\"\",\"publisher\":{\"@id\":\"https:\\\/\\\/vetk.hu\\\/#organization\"},\"potentialAction\":[{\"@type\":\"SearchAction\",\"target\":{\"@type\":\"EntryPoint\",\"urlTemplate\":\"https:\\\/\\\/vetk.hu\\\/?s={search_term_string}\"},\"query-input\":{\"@type\":\"PropertyValueSpecification\",\"valueRequired\":true,\"valueName\":\"search_term_string\"}}],\"inLanguage\":\"en-GB\"},{\"@type\":\"Organization\",\"@id\":\"https:\\\/\\\/vetk.hu\\\/#organization\",\"name\":\"Veszpr\u00e9mi \u00c9rseki Turisztikai K\u00f6zpont\",\"url\":\"https:\\\/\\\/vetk.hu\\\/\",\"logo\":{\"@type\":\"ImageObject\",\"inLanguage\":\"en-GB\",\"@id\":\"https:\\\/\\\/vetk.hu\\\/#\\\/schema\\\/logo\\\/image\\\/\",\"url\":\"https:\\\/\\\/vetk.hu\\\/wp-content\\\/uploads\\\/2023\\\/04\\\/cropped-Group-3.png\",\"contentUrl\":\"https:\\\/\\\/vetk.hu\\\/wp-content\\\/uploads\\\/2023\\\/04\\\/cropped-Group-3.png\",\"width\":353,\"height\":338,\"caption\":\"Veszpr\u00e9mi \u00c9rseki Turisztikai K\u00f6zpont\"},\"image\":{\"@id\":\"https:\\\/\\\/vetk.hu\\\/#\\\/schema\\\/logo\\\/image\\\/\"}},{\"@type\":\"Person\",\"@id\":\"https:\\\/\\\/vetk.hu\\\/#\\\/schema\\\/person\\\/f74be88ca28547b570f744b888847fb4\",\"name\":\"Kiss D\u00e1vid\",\"image\":{\"@type\":\"ImageObject\",\"inLanguage\":\"en-GB\",\"@id\":\"https:\\\/\\\/secure.gravatar.com\\\/avatar\\\/e0fada96396a04ef09fa4492576e5e96b118daafa4c00823eea14a95a0b9581a?s=96&d=mm&r=g\",\"url\":\"https:\\\/\\\/secure.gravatar.com\\\/avatar\\\/e0fada96396a04ef09fa4492576e5e96b118daafa4c00823eea14a95a0b9581a?s=96&d=mm&r=g\",\"contentUrl\":\"https:\\\/\\\/secure.gravatar.com\\\/avatar\\\/e0fada96396a04ef09fa4492576e5e96b118daafa4c00823eea14a95a0b9581a?s=96&d=mm&r=g\",\"caption\":\"Kiss D\u00e1vid\"},\"sameAs\":[\"http:\\\/\\\/www.veszpremiersekseg.hu\"],\"url\":\"https:\\\/\\\/vetk.hu\\\/en\\\/author\\\/kiss-david\\\/\"}]}<\/script>\n<!-- \/ Yoast SEO plugin. -->","yoast_head_json":{"title":"Ha Veszpr\u00e9mben j\u00e1rsz, ezt ne hagyd ki - Veszpr\u00e9mi \u00c9rseks\u00e9g Turisztikai K\u00f6zpont","description":"Vezetett v\u00e1rs\u00e9t\u00e1kkal, n\u00e9gy ki\u00e1ll\u00edt\u00e1ssal, aj\u00e1nd\u00e9kbolttal \u00e9s a kanonoki h\u00e1z kertj\u00e9vel v\u00e1runk szeretettel mindenkit!","robots":{"index":"index","follow":"follow","max-snippet":"max-snippet:-1","max-image-preview":"max-image-preview:large","max-video-preview":"max-video-preview:-1"},"canonical":"https:\/\/vetk.hu\/en\/2026\/03\/11\/ha-veszpremben-jarsz-ezt-ne-hagyd-ki\/","og_locale":"en_GB","og_type":"article","og_title":"Ha Veszpr\u00e9mben j\u00e1rsz, ezt ne hagyd ki - Veszpr\u00e9mi \u00c9rseks\u00e9g Turisztikai K\u00f6zpont","og_description":"Vezetett v\u00e1rs\u00e9t\u00e1kkal, n\u00e9gy ki\u00e1ll\u00edt\u00e1ssal, aj\u00e1nd\u00e9kbolttal \u00e9s a kanonoki h\u00e1z kertj\u00e9vel v\u00e1runk szeretettel mindenkit!","og_url":"https:\/\/vetk.hu\/en\/2026\/03\/11\/ha-veszpremben-jarsz-ezt-ne-hagyd-ki\/","og_site_name":"Veszpr\u00e9mi \u00c9rseks\u00e9g Turisztikai K\u00f6zpont","article_published_time":"2026-03-11T07:34:01+00:00","article_modified_time":"2026-03-11T07:46:35+00:00","og_image":[{"width":2016,"height":1134,"url":"https:\/\/vetk.hu\/wp-content\/uploads\/2026\/03\/irogepek.jpg","type":"image\/jpeg"}],"author":"Kiss D\u00e1vid","twitter_card":"summary_large_image","twitter_misc":{"Written by":"Kiss D\u00e1vid","Estimated reading time":"3 minutes"},"schema":{"@context":"https:\/\/schema.org","@graph":[{"@type":"Article","@id":"https:\/\/vetk.hu\/2026\/03\/11\/ha-veszpremben-jarsz-ezt-ne-hagyd-ki\/#article","isPartOf":{"@id":"https:\/\/vetk.hu\/2026\/03\/11\/ha-veszpremben-jarsz-ezt-ne-hagyd-ki\/"},"author":{"name":"Kiss D\u00e1vid","@id":"https:\/\/vetk.hu\/#\/schema\/person\/f74be88ca28547b570f744b888847fb4"},"headline":"Ha Veszpr\u00e9mben j\u00e1rsz, ezt ne hagyd ki","datePublished":"2026-03-11T07:34:01+00:00","dateModified":"2026-03-11T07:46:35+00:00","mainEntityOfPage":{"@id":"https:\/\/vetk.hu\/2026\/03\/11\/ha-veszpremben-jarsz-ezt-ne-hagyd-ki\/"},"wordCount":469,"commentCount":0,"publisher":{"@id":"https:\/\/vetk.hu\/#organization"},"image":{"@id":"https:\/\/vetk.hu\/2026\/03\/11\/ha-veszpremben-jarsz-ezt-ne-hagyd-ki\/#primaryimage"},"thumbnailUrl":"https:\/\/vetk.hu\/wp-content\/uploads\/2026\/03\/irogepek.jpg","keywords":["Bir\u00f3-Giczey H\u00e1z","ki\u00e1ll\u00edt\u00e1s","r\u00e9g\u00e9szet","Szent Mih\u00e1ly F\u0151sz\u00e9kesegyh\u00e1z","t\u00e1rlatvezet\u00e9s","t\u00faravezet\u00e9s","vezetett s\u00e9ta","vezetett v\u00e1rs\u00e9ta"],"articleSection":["H\u00edrek"],"inLanguage":"en-GB","potentialAction":[{"@type":"CommentAction","name":"Comment","target":["https:\/\/vetk.hu\/2026\/03\/11\/ha-veszpremben-jarsz-ezt-ne-hagyd-ki\/#respond"]}]},{"@type":"WebPage","@id":"https:\/\/vetk.hu\/2026\/03\/11\/ha-veszpremben-jarsz-ezt-ne-hagyd-ki\/","url":"https:\/\/vetk.hu\/2026\/03\/11\/ha-veszpremben-jarsz-ezt-ne-hagyd-ki\/","name":"Ha Veszpr\u00e9mben j\u00e1rsz, ezt ne hagyd ki - Veszpr\u00e9mi \u00c9rseks\u00e9g Turisztikai K\u00f6zpont","isPartOf":{"@id":"https:\/\/vetk.hu\/#website"},"primaryImageOfPage":{"@id":"https:\/\/vetk.hu\/2026\/03\/11\/ha-veszpremben-jarsz-ezt-ne-hagyd-ki\/#primaryimage"},"image":{"@id":"https:\/\/vetk.hu\/2026\/03\/11\/ha-veszpremben-jarsz-ezt-ne-hagyd-ki\/#primaryimage"},"thumbnailUrl":"https:\/\/vetk.hu\/wp-content\/uploads\/2026\/03\/irogepek.jpg","datePublished":"2026-03-11T07:34:01+00:00","dateModified":"2026-03-11T07:46:35+00:00","description":"Vezetett v\u00e1rs\u00e9t\u00e1kkal, n\u00e9gy ki\u00e1ll\u00edt\u00e1ssal, aj\u00e1nd\u00e9kbolttal \u00e9s a kanonoki h\u00e1z kertj\u00e9vel v\u00e1runk szeretettel mindenkit!","breadcrumb":{"@id":"https:\/\/vetk.hu\/2026\/03\/11\/ha-veszpremben-jarsz-ezt-ne-hagyd-ki\/#breadcrumb"},"inLanguage":"en-GB","potentialAction":[{"@type":"ReadAction","target":["https:\/\/vetk.hu\/2026\/03\/11\/ha-veszpremben-jarsz-ezt-ne-hagyd-ki\/"]}]},{"@type":"ImageObject","inLanguage":"en-GB","@id":"https:\/\/vetk.hu\/2026\/03\/11\/ha-veszpremben-jarsz-ezt-ne-hagyd-ki\/#primaryimage","url":"https:\/\/vetk.hu\/wp-content\/uploads\/2026\/03\/irogepek.jpg","contentUrl":"https:\/\/vetk.hu\/wp-content\/uploads\/2026\/03\/irogepek.jpg","width":2016,"height":1134},{"@type":"BreadcrumbList","@id":"https:\/\/vetk.hu\/2026\/03\/11\/ha-veszpremben-jarsz-ezt-ne-hagyd-ki\/#breadcrumb","itemListElement":[{"@type":"ListItem","position":1,"name":"Home","item":"https:\/\/vetk.hu\/"},{"@type":"ListItem","position":2,"name":"Ha Veszpr\u00e9mben j\u00e1rsz, ezt ne hagyd ki"}]},{"@type":"WebSite","@id":"https:\/\/vetk.hu\/#website","url":"https:\/\/vetk.hu\/","name":"Veszpr\u00e9mi \u00c9rseki Turisztikai K\u00f6zpont \u2013 Hit, \u00f6r\u00f6ks\u00e9g, \u00e9lm\u00e9ny | vetk.hu","description":"","publisher":{"@id":"https:\/\/vetk.hu\/#organization"},"potentialAction":[{"@type":"SearchAction","target":{"@type":"EntryPoint","urlTemplate":"https:\/\/vetk.hu\/?s={search_term_string}"},"query-input":{"@type":"PropertyValueSpecification","valueRequired":true,"valueName":"search_term_string"}}],"inLanguage":"en-GB"},{"@type":"Organization","@id":"https:\/\/vetk.hu\/#organization","name":"Veszpr\u00e9mi \u00c9rseki Turisztikai K\u00f6zpont","url":"https:\/\/vetk.hu\/","logo":{"@type":"ImageObject","inLanguage":"en-GB","@id":"https:\/\/vetk.hu\/#\/schema\/logo\/image\/","url":"https:\/\/vetk.hu\/wp-content\/uploads\/2023\/04\/cropped-Group-3.png","contentUrl":"https:\/\/vetk.hu\/wp-content\/uploads\/2023\/04\/cropped-Group-3.png","width":353,"height":338,"caption":"Veszpr\u00e9mi \u00c9rseki Turisztikai K\u00f6zpont"},"image":{"@id":"https:\/\/vetk.hu\/#\/schema\/logo\/image\/"}},{"@type":"Person","@id":"https:\/\/vetk.hu\/#\/schema\/person\/f74be88ca28547b570f744b888847fb4","name":"Kiss D\u00e1vid","image":{"@type":"ImageObject","inLanguage":"en-GB","@id":"https:\/\/secure.gravatar.com\/avatar\/e0fada96396a04ef09fa4492576e5e96b118daafa4c00823eea14a95a0b9581a?s=96&d=mm&r=g","url":"https:\/\/secure.gravatar.com\/avatar\/e0fada96396a04ef09fa4492576e5e96b118daafa4c00823eea14a95a0b9581a?s=96&d=mm&r=g","contentUrl":"https:\/\/secure.gravatar.com\/avatar\/e0fada96396a04ef09fa4492576e5e96b118daafa4c00823eea14a95a0b9581a?s=96&d=mm&r=g","caption":"Kiss D\u00e1vid"},"sameAs":["http:\/\/www.veszpremiersekseg.hu"],"url":"https:\/\/vetk.hu\/en\/author\/kiss-david\/"}]}},"_links":{"self":[{"href":"https:\/\/vetk.hu\/en\/wp-json\/wp\/v2\/posts\/6985","targetHints":{"allow":["GET"]}}],"collection":[{"href":"https:\/\/vetk.hu\/en\/wp-json\/wp\/v2\/posts"}],"about":[{"href":"https:\/\/vetk.hu\/en\/wp-json\/wp\/v2\/types\/post"}],"author":[{"embeddable":true,"href":"https:\/\/vetk.hu\/en\/wp-json\/wp\/v2\/users\/5"}],"replies":[{"embeddable":true,"href":"https:\/\/vetk.hu\/en\/wp-json\/wp\/v2\/comments?post=6985"}],"version-history":[{"count":7,"href":"https:\/\/vetk.hu\/en\/wp-json\/wp\/v2\/posts\/6985\/revisions"}],"predecessor-version":[{"id":6995,"href":"https:\/\/vetk.hu\/en\/wp-json\/wp\/v2\/posts\/6985\/revisions\/6995"}],"wp:featuredmedia":[{"embeddable":true,"href":"https:\/\/vetk.hu\/en\/wp-json\/wp\/v2\/media\/6984"}],"wp:attachment":[{"href":"https:\/\/vetk.hu\/en\/wp-json\/wp\/v2\/media?parent=6985"}],"wp:term":[{"taxonomy":"category","embeddable":true,"href":"https:\/\/vetk.hu\/en\/wp-json\/wp\/v2\/categories?post=6985"},{"taxonomy":"post_tag","embeddable":true,"href":"https:\/\/vetk.hu\/en\/wp-json\/wp\/v2\/tags?post=6985"}],"curies":[{"name":"wp","href":"https:\/\/api.w.org\/{rel}","templated":true}]}}