{"id":6996,"date":"2026-03-11T13:37:09","date_gmt":"2026-03-11T12:37:09","guid":{"rendered":"https:\/\/vetk.hu\/?p=6996"},"modified":"2026-03-19T14:21:09","modified_gmt":"2026-03-19T13:21:09","slug":"veszprem-varnegyed-tavaszi-programok","status":"publish","type":"post","link":"https:\/\/vetk.hu\/en\/2026\/03\/11\/veszprem-varnegyed-tavaszi-programok\/","title":{"rendered":"Spring events in Veszpr\u00e9m\u2019s Castle District"},"content":{"rendered":"<div data-elementor-type=\"wp-post\" data-elementor-id=\"6996\" class=\"elementor elementor-6996\" data-elementor-post-type=\"post\">\n\t\t\t\t\t\t<section class=\"elementor-section elementor-top-section elementor-element elementor-element-7002583 elementor-section-boxed elementor-section-height-default elementor-section-height-default\" data-id=\"7002583\" data-element_type=\"section\" data-e-type=\"section\">\n\t\t\t\t\t\t<div class=\"elementor-container elementor-column-gap-default\">\n\t\t\t\t\t<div class=\"elementor-column elementor-col-100 elementor-top-column elementor-element elementor-element-fe7a0b1\" data-id=\"fe7a0b1\" data-element_type=\"column\" data-e-type=\"column\">\n\t\t\t<div class=\"elementor-widget-wrap elementor-element-populated\">\n\t\t\t\t\t\t<div class=\"elementor-element elementor-element-fd89cb2 elementor-widget elementor-widget-text-editor\" data-id=\"fd89cb2\" data-element_type=\"widget\" data-e-type=\"widget\" data-widget_type=\"text-editor.default\">\n\t\t\t\t<div class=\"elementor-widget-container\">\n\t\t\t\t\t\t\t\t\t<p>Exhibitions, family games, and guided castle tours at the Bir\u00f3\u2013Giczey House<\/p><p>The March 15 holiday weekend and spring break are a great opportunity to explore Veszpr\u00e9m\u2019s Castle District at a leisurely pace. The exhibitions at the Bir\u00f3\u2013Giczey House, the discovery activities, and the guided castle tours starting from there offer a variety of programs for families, groups of friends, and individual visitors.<\/p><p>Three types of experiences await visitors at the house: interactive exhibits, scavenger hunts, and historical walking tours help visitors learn about the history and buildings of the Castle District.<\/p>\t\t\t\t\t\t\t\t<\/div>\n\t\t\t\t<\/div>\n\t\t\t\t\t<\/div>\n\t\t<\/div>\n\t\t\t\t\t<\/div>\n\t\t<\/section>\n\t\t\t\t<section class=\"elementor-section elementor-top-section elementor-element elementor-element-f18a6ad elementor-section-boxed elementor-section-height-default elementor-section-height-default\" data-id=\"f18a6ad\" data-element_type=\"section\" data-e-type=\"section\">\n\t\t\t\t\t\t<div class=\"elementor-container elementor-column-gap-default\">\n\t\t\t\t\t<div class=\"elementor-column elementor-col-50 elementor-top-column elementor-element elementor-element-d144fde\" data-id=\"d144fde\" data-element_type=\"column\" data-e-type=\"column\">\n\t\t\t<div class=\"elementor-widget-wrap elementor-element-populated\">\n\t\t\t\t\t\t<div class=\"elementor-element elementor-element-b4465a1 elementor-widget elementor-widget-text-editor\" data-id=\"b4465a1\" data-element_type=\"widget\" data-e-type=\"widget\" data-widget_type=\"text-editor.default\">\n\t\t\t\t<div class=\"elementor-widget-container\">\n\t\t\t\t\t\t\t\t\t<p>The exhibition titled \u201cMy Head Is not a chapter\u2026\u201d<\/p><p>A Glimpse into the World of Canons<\/p><p>The interactive exhibition presents the history of the Veszpr\u00e9m Chapter and the daily lives of the canons. During a scavenger hunt, participants can collect the letters of a secret password to help a seminarian gain access to the Chapter\u2019s archives. Details placed throughout the rooms guide visitors step by step through the story. Once the clues are collected, the password can be assembled, providing the solution to the task.<\/p><p>Stairway to Heaven \u2013 Scavenger Hunt<\/p><p>Traces of angelic depictions and symbols appear at various points throughout the chamber exhibition. These can be used to determine the order of the nine angelic choirs.<\/p><p>This activity requires attention and a little thought: seraphim, cherubim, thrones, and archangels all occupy their own places in the hierarchy of angels. Participants can work their way step by step through this \u201cheavenly hierarchy\u201d while discovering the exhibition\u2019s finer details.<\/p><p>A particularly exciting activity for families: the children look for the symbols, the adults put them in order, and together they reveal the entire angelic hierarchy.<\/p>\t\t\t\t\t\t\t\t<\/div>\n\t\t\t\t<\/div>\n\t\t\t\t\t<\/div>\n\t\t<\/div>\n\t\t\t\t<div class=\"elementor-column elementor-col-50 elementor-top-column elementor-element elementor-element-f6e6c14\" data-id=\"f6e6c14\" data-element_type=\"column\" data-e-type=\"column\">\n\t\t\t<div class=\"elementor-widget-wrap elementor-element-populated\">\n\t\t\t\t\t\t<div class=\"elementor-element elementor-element-fe922ef elementor-widget elementor-widget-image\" data-id=\"fe922ef\" data-element_type=\"widget\" data-e-type=\"widget\" data-widget_type=\"image.default\">\n\t\t\t\t<div class=\"elementor-widget-container\">\n\t\t\t\t\t\t\t\t\t\t\t\t\t\t\t<img fetchpriority=\"high\" decoding=\"async\" width=\"800\" height=\"600\" src=\"https:\/\/vetk.hu\/wp-content\/uploads\/2026\/03\/vargyerekek18-1024x768.jpg\" class=\"attachment-large size-large wp-image-6999\" alt=\"\" srcset=\"https:\/\/vetk.hu\/wp-content\/uploads\/2026\/03\/vargyerekek18-1024x768.jpg 1024w, https:\/\/vetk.hu\/wp-content\/uploads\/2026\/03\/vargyerekek18-300x225.jpg 300w, https:\/\/vetk.hu\/wp-content\/uploads\/2026\/03\/vargyerekek18-768x576.jpg 768w, https:\/\/vetk.hu\/wp-content\/uploads\/2026\/03\/vargyerekek18-1536x1152.jpg 1536w, https:\/\/vetk.hu\/wp-content\/uploads\/2026\/03\/vargyerekek18-2048x1536.jpg 2048w, https:\/\/vetk.hu\/wp-content\/uploads\/2026\/03\/vargyerekek18-16x12.jpg 16w\" sizes=\"(max-width: 800px) 100vw, 800px\" \/>\t\t\t\t\t\t\t\t\t\t\t\t\t\t\t<\/div>\n\t\t\t\t<\/div>\n\t\t\t\t\t<\/div>\n\t\t<\/div>\n\t\t\t\t\t<\/div>\n\t\t<\/section>\n\t\t\t\t<section class=\"elementor-section elementor-top-section elementor-element elementor-element-412f848 elementor-section-boxed elementor-section-height-default elementor-section-height-default\" data-id=\"412f848\" data-element_type=\"section\" data-e-type=\"section\">\n\t\t\t\t\t\t<div class=\"elementor-container elementor-column-gap-default\">\n\t\t\t\t\t<div class=\"elementor-column elementor-col-100 elementor-top-column elementor-element elementor-element-df57d24\" data-id=\"df57d24\" data-element_type=\"column\" data-e-type=\"column\">\n\t\t\t<div class=\"elementor-widget-wrap elementor-element-populated\">\n\t\t\t\t\t\t<div class=\"elementor-element elementor-element-bc0e92e elementor-widget elementor-widget-text-editor\" data-id=\"bc0e92e\" data-element_type=\"widget\" data-e-type=\"widget\" data-widget_type=\"text-editor.default\">\n\t\t\t\t<div class=\"elementor-widget-container\">\n\t\t\t\t\t\t\t\t\t<p>Guided tours:<\/p><p>Guided castle tours departing from the Bir\u00f3\u2013Giczey House showcase the most important buildings and historical sites of the Castle District.<\/p><p>From April 3 to 12\u2014during spring break\u2014guided castle tours will be held daily at the following times:<\/p><p><strong>10:30<\/strong> \u2013 Archbishop\u2019s Palace and Gizella Chapel<br \/><strong>14:00<\/strong> \u2013 Archbishop\u2019s Palace and Gizella Chapel<br \/><strong>16:00<\/strong> \u2013 Szent Mih\u00e1ly F\u0151sz\u00e9kesegyh\u00e1z, altemplom \u00e9s Szent Gy\u00f6rgy K\u00e1polna<\/p><p>An important change is that the morning walk will now start at<strong> at 10:30 am<\/strong> it begins. After that, interested parties can join again on Saturday and Sunday.<\/p><p>Opening hours<\/p><p>Tuesday - Sunday: 10:00 a.m. - 6:00 p.m.<br \/>Monday: closed<\/p><p>\ud83d\udccd Bir\u00f3\u2013Giczey H\u00e1z; 8200 Veszpr\u00e9m, V\u00e1r utca 31.<\/p><p>\u260e +36 20 560 2010 \u2709 turizmus@veszpremiersekseg.hu<\/p>\t\t\t\t\t\t\t\t<\/div>\n\t\t\t\t<\/div>\n\t\t\t\t\t<\/div>\n\t\t<\/div>\n\t\t\t\t\t<\/div>\n\t\t<\/section>\n\t\t\t\t<\/div>","protected":false},"excerpt":{"rendered":"<p>Ki\u00e1ll\u00edt\u00e1sok, csal\u00e1di j\u00e1t\u00e9kok \u00e9s vezetett v\u00e1rs\u00e9t\u00e1k a Bir\u00f3\u2013Giczey H\u00e1zban A m\u00e1rcius 15-i \u00fcnnepi h\u00e9tv\u00e9ge \u00e9s a tavaszi sz\u00fcnet j\u00f3 alkalom arra, hogy a veszpr\u00e9mi V\u00e1rnegyedet nyugodt temp\u00f3ban j\u00e1rjuk be. A [&hellip;]<\/p>\n","protected":false},"author":5,"featured_media":6997,"comment_status":"open","ping_status":"open","sticky":false,"template":"","format":"standard","meta":{"_acf_changed":false,"_price":"","_stock":"","_tribe_ticket_header":"","_tribe_default_ticket_provider":"","_tribe_ticket_capacity":"","_ticket_start_date":"","_ticket_end_date":"","_tribe_ticket_show_description":"","_tribe_ticket_show_not_going":false,"_tribe_ticket_use_global_stock":"","_tribe_ticket_global_stock_level":"","_global_stock_mode":"","_global_stock_cap":"","_tribe_rsvp_for_event":"","_tribe_ticket_going_count":"","_tribe_ticket_not_going_count":"","_tribe_tickets_list":"[]","_tribe_ticket_has_attendee_info_fields":false,"footnotes":""},"categories":[8],"tags":[62,141,41,35,26,60,78,112,115],"class_list":["post-6996","post","type-post","status-publish","format-standard","has-post-thumbnail","hentry","category-hirek","tag-biro-giczey-haz","tag-interaktiv-jatek","tag-kiallitas","tag-regeszet","tag-szent-mihaly-foszekesegyhaz","tag-tarlatvezetes","tag-turavezetes","tag-vezetett-seta","tag-vezetett-varseta"],"acf":[],"yoast_head":"<!-- This site is optimized with the Yoast SEO plugin v27.3 - https:\/\/yoast.com\/product\/yoast-seo-wordpress\/ -->\n<title>Tavaszi programok a veszpr\u00e9mi V\u00e1rnegyedben - Veszpr\u00e9mi \u00c9rseks\u00e9g Turisztikai K\u00f6zpont<\/title>\n<meta name=\"description\" content=\"Tavaszi programok a veszpr\u00e9mi V\u00e1rnegyedben: ki\u00e1ll\u00edt\u00e1sok, j\u00e1t\u00e9kok \u00e9s vezetett v\u00e1rs\u00e9t\u00e1k. Ide\u00e1lis csal\u00e1di program a tavaszi sz\u00fcnetben.\" \/>\n<meta name=\"robots\" content=\"index, follow, max-snippet:-1, max-image-preview:large, max-video-preview:-1\" \/>\n<link rel=\"canonical\" href=\"https:\/\/vetk.hu\/en\/2026\/03\/11\/veszprem-varnegyed-tavaszi-programok\/\" \/>\n<meta property=\"og:locale\" content=\"en_GB\" \/>\n<meta property=\"og:type\" content=\"article\" \/>\n<meta property=\"og:title\" content=\"Tavaszi programok a veszpr\u00e9mi V\u00e1rnegyedben - Veszpr\u00e9mi \u00c9rseks\u00e9g Turisztikai K\u00f6zpont\" \/>\n<meta property=\"og:description\" content=\"Tavaszi programok a veszpr\u00e9mi V\u00e1rnegyedben: ki\u00e1ll\u00edt\u00e1sok, j\u00e1t\u00e9kok \u00e9s vezetett v\u00e1rs\u00e9t\u00e1k. Ide\u00e1lis csal\u00e1di program a tavaszi sz\u00fcnetben.\" \/>\n<meta property=\"og:url\" content=\"https:\/\/vetk.hu\/en\/2026\/03\/11\/veszprem-varnegyed-tavaszi-programok\/\" \/>\n<meta property=\"og:site_name\" content=\"Veszpr\u00e9mi \u00c9rseks\u00e9g Turisztikai K\u00f6zpont\" \/>\n<meta property=\"article:published_time\" content=\"2026-03-11T12:37:09+00:00\" \/>\n<meta property=\"article:modified_time\" content=\"2026-03-19T13:21:09+00:00\" \/>\n<meta property=\"og:image\" content=\"https:\/\/vetk.hu\/wp-content\/uploads\/2026\/03\/iskolasok2-scaled.jpg\" \/>\n\t<meta property=\"og:image:width\" content=\"2560\" \/>\n\t<meta property=\"og:image:height\" content=\"1920\" \/>\n\t<meta property=\"og:image:type\" content=\"image\/jpeg\" \/>\n<meta name=\"author\" content=\"Kiss D\u00e1vid\" \/>\n<meta name=\"twitter:card\" content=\"summary_large_image\" \/>\n<meta name=\"twitter:label1\" content=\"Written by\" \/>\n\t<meta name=\"twitter:data1\" content=\"Kiss D\u00e1vid\" \/>\n\t<meta name=\"twitter:label2\" content=\"Estimated reading time\" \/>\n\t<meta name=\"twitter:data2\" content=\"3 minutes\" \/>\n<script type=\"application\/ld+json\" class=\"yoast-schema-graph\">{\"@context\":\"https:\\\/\\\/schema.org\",\"@graph\":[{\"@type\":\"Article\",\"@id\":\"https:\\\/\\\/vetk.hu\\\/2026\\\/03\\\/11\\\/veszprem-varnegyed-tavaszi-programok\\\/#article\",\"isPartOf\":{\"@id\":\"https:\\\/\\\/vetk.hu\\\/2026\\\/03\\\/11\\\/veszprem-varnegyed-tavaszi-programok\\\/\"},\"author\":{\"name\":\"Kiss D\u00e1vid\",\"@id\":\"https:\\\/\\\/vetk.hu\\\/#\\\/schema\\\/person\\\/f74be88ca28547b570f744b888847fb4\"},\"headline\":\"Tavaszi programok a veszpr\u00e9mi V\u00e1rnegyedben\",\"datePublished\":\"2026-03-11T12:37:09+00:00\",\"dateModified\":\"2026-03-19T13:21:09+00:00\",\"mainEntityOfPage\":{\"@id\":\"https:\\\/\\\/vetk.hu\\\/2026\\\/03\\\/11\\\/veszprem-varnegyed-tavaszi-programok\\\/\"},\"wordCount\":529,\"commentCount\":0,\"publisher\":{\"@id\":\"https:\\\/\\\/vetk.hu\\\/#organization\"},\"image\":{\"@id\":\"https:\\\/\\\/vetk.hu\\\/2026\\\/03\\\/11\\\/veszprem-varnegyed-tavaszi-programok\\\/#primaryimage\"},\"thumbnailUrl\":\"https:\\\/\\\/vetk.hu\\\/wp-content\\\/uploads\\\/2026\\\/03\\\/iskolasok2-scaled.jpg\",\"keywords\":[\"Bir\u00f3-Giczey H\u00e1z\",\"interakt\u00edv j\u00e1t\u00e9k\",\"ki\u00e1ll\u00edt\u00e1s\",\"r\u00e9g\u00e9szet\",\"Szent Mih\u00e1ly F\u0151sz\u00e9kesegyh\u00e1z\",\"t\u00e1rlatvezet\u00e9s\",\"t\u00faravezet\u00e9s\",\"vezetett s\u00e9ta\",\"vezetett v\u00e1rs\u00e9ta\"],\"articleSection\":[\"H\u00edrek\"],\"inLanguage\":\"en-GB\",\"potentialAction\":[{\"@type\":\"CommentAction\",\"name\":\"Comment\",\"target\":[\"https:\\\/\\\/vetk.hu\\\/2026\\\/03\\\/11\\\/veszprem-varnegyed-tavaszi-programok\\\/#respond\"]}]},{\"@type\":\"WebPage\",\"@id\":\"https:\\\/\\\/vetk.hu\\\/2026\\\/03\\\/11\\\/veszprem-varnegyed-tavaszi-programok\\\/\",\"url\":\"https:\\\/\\\/vetk.hu\\\/2026\\\/03\\\/11\\\/veszprem-varnegyed-tavaszi-programok\\\/\",\"name\":\"Tavaszi programok a veszpr\u00e9mi V\u00e1rnegyedben - Veszpr\u00e9mi \u00c9rseks\u00e9g Turisztikai K\u00f6zpont\",\"isPartOf\":{\"@id\":\"https:\\\/\\\/vetk.hu\\\/#website\"},\"primaryImageOfPage\":{\"@id\":\"https:\\\/\\\/vetk.hu\\\/2026\\\/03\\\/11\\\/veszprem-varnegyed-tavaszi-programok\\\/#primaryimage\"},\"image\":{\"@id\":\"https:\\\/\\\/vetk.hu\\\/2026\\\/03\\\/11\\\/veszprem-varnegyed-tavaszi-programok\\\/#primaryimage\"},\"thumbnailUrl\":\"https:\\\/\\\/vetk.hu\\\/wp-content\\\/uploads\\\/2026\\\/03\\\/iskolasok2-scaled.jpg\",\"datePublished\":\"2026-03-11T12:37:09+00:00\",\"dateModified\":\"2026-03-19T13:21:09+00:00\",\"description\":\"Tavaszi programok a veszpr\u00e9mi V\u00e1rnegyedben: ki\u00e1ll\u00edt\u00e1sok, j\u00e1t\u00e9kok \u00e9s vezetett v\u00e1rs\u00e9t\u00e1k. Ide\u00e1lis csal\u00e1di program a tavaszi sz\u00fcnetben.\",\"breadcrumb\":{\"@id\":\"https:\\\/\\\/vetk.hu\\\/2026\\\/03\\\/11\\\/veszprem-varnegyed-tavaszi-programok\\\/#breadcrumb\"},\"inLanguage\":\"en-GB\",\"potentialAction\":[{\"@type\":\"ReadAction\",\"target\":[\"https:\\\/\\\/vetk.hu\\\/2026\\\/03\\\/11\\\/veszprem-varnegyed-tavaszi-programok\\\/\"]}]},{\"@type\":\"ImageObject\",\"inLanguage\":\"en-GB\",\"@id\":\"https:\\\/\\\/vetk.hu\\\/2026\\\/03\\\/11\\\/veszprem-varnegyed-tavaszi-programok\\\/#primaryimage\",\"url\":\"https:\\\/\\\/vetk.hu\\\/wp-content\\\/uploads\\\/2026\\\/03\\\/iskolasok2-scaled.jpg\",\"contentUrl\":\"https:\\\/\\\/vetk.hu\\\/wp-content\\\/uploads\\\/2026\\\/03\\\/iskolasok2-scaled.jpg\",\"width\":2560,\"height\":1920},{\"@type\":\"BreadcrumbList\",\"@id\":\"https:\\\/\\\/vetk.hu\\\/2026\\\/03\\\/11\\\/veszprem-varnegyed-tavaszi-programok\\\/#breadcrumb\",\"itemListElement\":[{\"@type\":\"ListItem\",\"position\":1,\"name\":\"Home\",\"item\":\"https:\\\/\\\/vetk.hu\\\/\"},{\"@type\":\"ListItem\",\"position\":2,\"name\":\"Tavaszi programok a veszpr\u00e9mi V\u00e1rnegyedben\"}]},{\"@type\":\"WebSite\",\"@id\":\"https:\\\/\\\/vetk.hu\\\/#website\",\"url\":\"https:\\\/\\\/vetk.hu\\\/\",\"name\":\"Veszpr\u00e9mi \u00c9rseki Turisztikai K\u00f6zpont \u2013 Hit, \u00f6r\u00f6ks\u00e9g, \u00e9lm\u00e9ny | vetk.hu\",\"description\":\"\",\"publisher\":{\"@id\":\"https:\\\/\\\/vetk.hu\\\/#organization\"},\"potentialAction\":[{\"@type\":\"SearchAction\",\"target\":{\"@type\":\"EntryPoint\",\"urlTemplate\":\"https:\\\/\\\/vetk.hu\\\/?s={search_term_string}\"},\"query-input\":{\"@type\":\"PropertyValueSpecification\",\"valueRequired\":true,\"valueName\":\"search_term_string\"}}],\"inLanguage\":\"en-GB\"},{\"@type\":\"Organization\",\"@id\":\"https:\\\/\\\/vetk.hu\\\/#organization\",\"name\":\"Veszpr\u00e9mi \u00c9rseki Turisztikai K\u00f6zpont\",\"url\":\"https:\\\/\\\/vetk.hu\\\/\",\"logo\":{\"@type\":\"ImageObject\",\"inLanguage\":\"en-GB\",\"@id\":\"https:\\\/\\\/vetk.hu\\\/#\\\/schema\\\/logo\\\/image\\\/\",\"url\":\"https:\\\/\\\/vetk.hu\\\/wp-content\\\/uploads\\\/2023\\\/04\\\/cropped-Group-3.png\",\"contentUrl\":\"https:\\\/\\\/vetk.hu\\\/wp-content\\\/uploads\\\/2023\\\/04\\\/cropped-Group-3.png\",\"width\":353,\"height\":338,\"caption\":\"Veszpr\u00e9mi \u00c9rseki Turisztikai K\u00f6zpont\"},\"image\":{\"@id\":\"https:\\\/\\\/vetk.hu\\\/#\\\/schema\\\/logo\\\/image\\\/\"}},{\"@type\":\"Person\",\"@id\":\"https:\\\/\\\/vetk.hu\\\/#\\\/schema\\\/person\\\/f74be88ca28547b570f744b888847fb4\",\"name\":\"Kiss D\u00e1vid\",\"image\":{\"@type\":\"ImageObject\",\"inLanguage\":\"en-GB\",\"@id\":\"https:\\\/\\\/secure.gravatar.com\\\/avatar\\\/e0fada96396a04ef09fa4492576e5e96b118daafa4c00823eea14a95a0b9581a?s=96&d=mm&r=g\",\"url\":\"https:\\\/\\\/secure.gravatar.com\\\/avatar\\\/e0fada96396a04ef09fa4492576e5e96b118daafa4c00823eea14a95a0b9581a?s=96&d=mm&r=g\",\"contentUrl\":\"https:\\\/\\\/secure.gravatar.com\\\/avatar\\\/e0fada96396a04ef09fa4492576e5e96b118daafa4c00823eea14a95a0b9581a?s=96&d=mm&r=g\",\"caption\":\"Kiss D\u00e1vid\"},\"sameAs\":[\"http:\\\/\\\/www.veszpremiersekseg.hu\"],\"url\":\"https:\\\/\\\/vetk.hu\\\/en\\\/author\\\/kiss-david\\\/\"}]}<\/script>\n<!-- \/ Yoast SEO plugin. -->","yoast_head_json":{"title":"Tavaszi programok a veszpr\u00e9mi V\u00e1rnegyedben - Veszpr\u00e9mi \u00c9rseks\u00e9g Turisztikai K\u00f6zpont","description":"Tavaszi programok a veszpr\u00e9mi V\u00e1rnegyedben: ki\u00e1ll\u00edt\u00e1sok, j\u00e1t\u00e9kok \u00e9s vezetett v\u00e1rs\u00e9t\u00e1k. Ide\u00e1lis csal\u00e1di program a tavaszi sz\u00fcnetben.","robots":{"index":"index","follow":"follow","max-snippet":"max-snippet:-1","max-image-preview":"max-image-preview:large","max-video-preview":"max-video-preview:-1"},"canonical":"https:\/\/vetk.hu\/en\/2026\/03\/11\/veszprem-varnegyed-tavaszi-programok\/","og_locale":"en_GB","og_type":"article","og_title":"Tavaszi programok a veszpr\u00e9mi V\u00e1rnegyedben - Veszpr\u00e9mi \u00c9rseks\u00e9g Turisztikai K\u00f6zpont","og_description":"Tavaszi programok a veszpr\u00e9mi V\u00e1rnegyedben: ki\u00e1ll\u00edt\u00e1sok, j\u00e1t\u00e9kok \u00e9s vezetett v\u00e1rs\u00e9t\u00e1k. Ide\u00e1lis csal\u00e1di program a tavaszi sz\u00fcnetben.","og_url":"https:\/\/vetk.hu\/en\/2026\/03\/11\/veszprem-varnegyed-tavaszi-programok\/","og_site_name":"Veszpr\u00e9mi \u00c9rseks\u00e9g Turisztikai K\u00f6zpont","article_published_time":"2026-03-11T12:37:09+00:00","article_modified_time":"2026-03-19T13:21:09+00:00","og_image":[{"width":2560,"height":1920,"url":"https:\/\/vetk.hu\/wp-content\/uploads\/2026\/03\/iskolasok2-scaled.jpg","type":"image\/jpeg"}],"author":"Kiss D\u00e1vid","twitter_card":"summary_large_image","twitter_misc":{"Written by":"Kiss D\u00e1vid","Estimated reading time":"3 minutes"},"schema":{"@context":"https:\/\/schema.org","@graph":[{"@type":"Article","@id":"https:\/\/vetk.hu\/2026\/03\/11\/veszprem-varnegyed-tavaszi-programok\/#article","isPartOf":{"@id":"https:\/\/vetk.hu\/2026\/03\/11\/veszprem-varnegyed-tavaszi-programok\/"},"author":{"name":"Kiss D\u00e1vid","@id":"https:\/\/vetk.hu\/#\/schema\/person\/f74be88ca28547b570f744b888847fb4"},"headline":"Tavaszi programok a veszpr\u00e9mi V\u00e1rnegyedben","datePublished":"2026-03-11T12:37:09+00:00","dateModified":"2026-03-19T13:21:09+00:00","mainEntityOfPage":{"@id":"https:\/\/vetk.hu\/2026\/03\/11\/veszprem-varnegyed-tavaszi-programok\/"},"wordCount":529,"commentCount":0,"publisher":{"@id":"https:\/\/vetk.hu\/#organization"},"image":{"@id":"https:\/\/vetk.hu\/2026\/03\/11\/veszprem-varnegyed-tavaszi-programok\/#primaryimage"},"thumbnailUrl":"https:\/\/vetk.hu\/wp-content\/uploads\/2026\/03\/iskolasok2-scaled.jpg","keywords":["Bir\u00f3-Giczey H\u00e1z","interakt\u00edv j\u00e1t\u00e9k","ki\u00e1ll\u00edt\u00e1s","r\u00e9g\u00e9szet","Szent Mih\u00e1ly F\u0151sz\u00e9kesegyh\u00e1z","t\u00e1rlatvezet\u00e9s","t\u00faravezet\u00e9s","vezetett s\u00e9ta","vezetett v\u00e1rs\u00e9ta"],"articleSection":["H\u00edrek"],"inLanguage":"en-GB","potentialAction":[{"@type":"CommentAction","name":"Comment","target":["https:\/\/vetk.hu\/2026\/03\/11\/veszprem-varnegyed-tavaszi-programok\/#respond"]}]},{"@type":"WebPage","@id":"https:\/\/vetk.hu\/2026\/03\/11\/veszprem-varnegyed-tavaszi-programok\/","url":"https:\/\/vetk.hu\/2026\/03\/11\/veszprem-varnegyed-tavaszi-programok\/","name":"Tavaszi programok a veszpr\u00e9mi V\u00e1rnegyedben - Veszpr\u00e9mi \u00c9rseks\u00e9g Turisztikai K\u00f6zpont","isPartOf":{"@id":"https:\/\/vetk.hu\/#website"},"primaryImageOfPage":{"@id":"https:\/\/vetk.hu\/2026\/03\/11\/veszprem-varnegyed-tavaszi-programok\/#primaryimage"},"image":{"@id":"https:\/\/vetk.hu\/2026\/03\/11\/veszprem-varnegyed-tavaszi-programok\/#primaryimage"},"thumbnailUrl":"https:\/\/vetk.hu\/wp-content\/uploads\/2026\/03\/iskolasok2-scaled.jpg","datePublished":"2026-03-11T12:37:09+00:00","dateModified":"2026-03-19T13:21:09+00:00","description":"Tavaszi programok a veszpr\u00e9mi V\u00e1rnegyedben: ki\u00e1ll\u00edt\u00e1sok, j\u00e1t\u00e9kok \u00e9s vezetett v\u00e1rs\u00e9t\u00e1k. Ide\u00e1lis csal\u00e1di program a tavaszi sz\u00fcnetben.","breadcrumb":{"@id":"https:\/\/vetk.hu\/2026\/03\/11\/veszprem-varnegyed-tavaszi-programok\/#breadcrumb"},"inLanguage":"en-GB","potentialAction":[{"@type":"ReadAction","target":["https:\/\/vetk.hu\/2026\/03\/11\/veszprem-varnegyed-tavaszi-programok\/"]}]},{"@type":"ImageObject","inLanguage":"en-GB","@id":"https:\/\/vetk.hu\/2026\/03\/11\/veszprem-varnegyed-tavaszi-programok\/#primaryimage","url":"https:\/\/vetk.hu\/wp-content\/uploads\/2026\/03\/iskolasok2-scaled.jpg","contentUrl":"https:\/\/vetk.hu\/wp-content\/uploads\/2026\/03\/iskolasok2-scaled.jpg","width":2560,"height":1920},{"@type":"BreadcrumbList","@id":"https:\/\/vetk.hu\/2026\/03\/11\/veszprem-varnegyed-tavaszi-programok\/#breadcrumb","itemListElement":[{"@type":"ListItem","position":1,"name":"Home","item":"https:\/\/vetk.hu\/"},{"@type":"ListItem","position":2,"name":"Tavaszi programok a veszpr\u00e9mi V\u00e1rnegyedben"}]},{"@type":"WebSite","@id":"https:\/\/vetk.hu\/#website","url":"https:\/\/vetk.hu\/","name":"Veszpr\u00e9mi \u00c9rseki Turisztikai K\u00f6zpont \u2013 Hit, \u00f6r\u00f6ks\u00e9g, \u00e9lm\u00e9ny | vetk.hu","description":"","publisher":{"@id":"https:\/\/vetk.hu\/#organization"},"potentialAction":[{"@type":"SearchAction","target":{"@type":"EntryPoint","urlTemplate":"https:\/\/vetk.hu\/?s={search_term_string}"},"query-input":{"@type":"PropertyValueSpecification","valueRequired":true,"valueName":"search_term_string"}}],"inLanguage":"en-GB"},{"@type":"Organization","@id":"https:\/\/vetk.hu\/#organization","name":"Veszpr\u00e9mi \u00c9rseki Turisztikai K\u00f6zpont","url":"https:\/\/vetk.hu\/","logo":{"@type":"ImageObject","inLanguage":"en-GB","@id":"https:\/\/vetk.hu\/#\/schema\/logo\/image\/","url":"https:\/\/vetk.hu\/wp-content\/uploads\/2023\/04\/cropped-Group-3.png","contentUrl":"https:\/\/vetk.hu\/wp-content\/uploads\/2023\/04\/cropped-Group-3.png","width":353,"height":338,"caption":"Veszpr\u00e9mi \u00c9rseki Turisztikai K\u00f6zpont"},"image":{"@id":"https:\/\/vetk.hu\/#\/schema\/logo\/image\/"}},{"@type":"Person","@id":"https:\/\/vetk.hu\/#\/schema\/person\/f74be88ca28547b570f744b888847fb4","name":"Kiss D\u00e1vid","image":{"@type":"ImageObject","inLanguage":"en-GB","@id":"https:\/\/secure.gravatar.com\/avatar\/e0fada96396a04ef09fa4492576e5e96b118daafa4c00823eea14a95a0b9581a?s=96&d=mm&r=g","url":"https:\/\/secure.gravatar.com\/avatar\/e0fada96396a04ef09fa4492576e5e96b118daafa4c00823eea14a95a0b9581a?s=96&d=mm&r=g","contentUrl":"https:\/\/secure.gravatar.com\/avatar\/e0fada96396a04ef09fa4492576e5e96b118daafa4c00823eea14a95a0b9581a?s=96&d=mm&r=g","caption":"Kiss D\u00e1vid"},"sameAs":["http:\/\/www.veszpremiersekseg.hu"],"url":"https:\/\/vetk.hu\/en\/author\/kiss-david\/"}]}},"_links":{"self":[{"href":"https:\/\/vetk.hu\/en\/wp-json\/wp\/v2\/posts\/6996","targetHints":{"allow":["GET"]}}],"collection":[{"href":"https:\/\/vetk.hu\/en\/wp-json\/wp\/v2\/posts"}],"about":[{"href":"https:\/\/vetk.hu\/en\/wp-json\/wp\/v2\/types\/post"}],"author":[{"embeddable":true,"href":"https:\/\/vetk.hu\/en\/wp-json\/wp\/v2\/users\/5"}],"replies":[{"embeddable":true,"href":"https:\/\/vetk.hu\/en\/wp-json\/wp\/v2\/comments?post=6996"}],"version-history":[{"count":7,"href":"https:\/\/vetk.hu\/en\/wp-json\/wp\/v2\/posts\/6996\/revisions"}],"predecessor-version":[{"id":7075,"href":"https:\/\/vetk.hu\/en\/wp-json\/wp\/v2\/posts\/6996\/revisions\/7075"}],"wp:featuredmedia":[{"embeddable":true,"href":"https:\/\/vetk.hu\/en\/wp-json\/wp\/v2\/media\/6997"}],"wp:attachment":[{"href":"https:\/\/vetk.hu\/en\/wp-json\/wp\/v2\/media?parent=6996"}],"wp:term":[{"taxonomy":"category","embeddable":true,"href":"https:\/\/vetk.hu\/en\/wp-json\/wp\/v2\/categories?post=6996"},{"taxonomy":"post_tag","embeddable":true,"href":"https:\/\/vetk.hu\/en\/wp-json\/wp\/v2\/tags?post=6996"}],"curies":[{"name":"wp","href":"https:\/\/api.w.org\/{rel}","templated":true}]}}