{"id":8774,"date":"2026-04-28T11:01:50","date_gmt":"2026-04-28T09:01:50","guid":{"rendered":"https:\/\/vetk.hu\/?p=8774"},"modified":"2026-04-28T11:04:10","modified_gmt":"2026-04-28T09:04:10","slug":"gizella-kapolna-titka-a-sarkany-a-boltozat-csucsan-veszprem-varnegyed","status":"publish","type":"post","link":"https:\/\/vetk.hu\/en\/2026\/04\/28\/gizella-kapolna-titka-a-sarkany-a-boltozat-csucsan-veszprem-varnegyed\/","title":{"rendered":"The dragon hiding above our heads"},"content":{"rendered":"<div data-elementor-type=\"wp-post\" data-elementor-id=\"8774\" class=\"elementor elementor-8774\" data-elementor-post-type=\"post\">\n\t\t\t\t\t\t<section class=\"elementor-section elementor-top-section elementor-element elementor-element-eb0da1f elementor-section-boxed elementor-section-height-default elementor-section-height-default\" data-id=\"eb0da1f\" data-element_type=\"section\" data-e-type=\"section\">\n\t\t\t\t\t\t<div class=\"elementor-container elementor-column-gap-default\">\n\t\t\t\t\t<div class=\"elementor-column elementor-col-50 elementor-top-column elementor-element elementor-element-fbec51f\" data-id=\"fbec51f\" data-element_type=\"column\" data-e-type=\"column\">\n\t\t\t<div class=\"elementor-widget-wrap elementor-element-populated\">\n\t\t\t\t\t\t<div class=\"elementor-element elementor-element-c4fd45d elementor-widget elementor-widget-text-editor\" data-id=\"c4fd45d\" data-element_type=\"widget\" data-e-type=\"widget\" data-widget_type=\"text-editor.default\">\n\t\t\t\t<div class=\"elementor-widget-container\">\n\t\t\t\t\t\t\t\t\t<p>Small medieval markings on the vault of the Gizella Chapel<\/p><p>Upon entering the Gizella Chapel, the visitor\u2019s gaze instinctively turns toward the walls. The rhythm of the frescoes is clear, and the proportions of the space are well-defined. After a few seconds, however, it is worth looking up. Near the vault, where the stone ribs meet, a tiny carved detail emerges: a dragon figure. It is not highlighted as a spectacle, nor is it specially illuminated. It is situated exactly where the medieval master envisioned it, at the apex of the structure.<\/p><p>The keystone is one of the most important elements of a ribbed vault. This is where the arched ribs converge, and where the structure is anchored. In medieval architecture, this point served as both a structural and visual focal point. In the case of this chapel, the situation is particularly fascinating. During the 18th-century renovations, some of the medieval stone carvings were preserved and reincorporated into the structure. As a result, carved elements can be seen today that may have been positioned differently in their original locations. A single stone bears the decisions of multiple eras.<\/p>\t\t\t\t\t\t\t\t<\/div>\n\t\t\t\t<\/div>\n\t\t\t\t\t<\/div>\n\t\t<\/div>\n\t\t\t\t<div class=\"elementor-column elementor-col-50 elementor-top-column elementor-element elementor-element-5a23523\" data-id=\"5a23523\" data-element_type=\"column\" data-e-type=\"column\">\n\t\t\t<div class=\"elementor-widget-wrap elementor-element-populated\">\n\t\t\t\t\t\t<div class=\"elementor-element elementor-element-7b97d3e elementor-widget elementor-widget-image\" data-id=\"7b97d3e\" data-element_type=\"widget\" data-e-type=\"widget\" data-widget_type=\"image.default\">\n\t\t\t\t<div class=\"elementor-widget-container\">\n\t\t\t\t\t\t\t\t\t\t\t\t\t\t\t<img fetchpriority=\"high\" decoding=\"async\" width=\"800\" height=\"545\" src=\"https:\/\/vetk.hu\/wp-content\/uploads\/2026\/04\/Gizella-Kapolna2-2-1024x697.jpg\" class=\"attachment-large size-large wp-image-8776\" alt=\"\" srcset=\"https:\/\/vetk.hu\/wp-content\/uploads\/2026\/04\/Gizella-Kapolna2-2-1024x697.jpg 1024w, https:\/\/vetk.hu\/wp-content\/uploads\/2026\/04\/Gizella-Kapolna2-2-300x204.jpg 300w, https:\/\/vetk.hu\/wp-content\/uploads\/2026\/04\/Gizella-Kapolna2-2-768x523.jpg 768w, https:\/\/vetk.hu\/wp-content\/uploads\/2026\/04\/Gizella-Kapolna2-2-1536x1046.jpg 1536w, https:\/\/vetk.hu\/wp-content\/uploads\/2026\/04\/Gizella-Kapolna2-2-2048x1394.jpg 2048w, https:\/\/vetk.hu\/wp-content\/uploads\/2026\/04\/Gizella-Kapolna2-2-18x12.jpg 18w\" sizes=\"(max-width: 800px) 100vw, 800px\" \/>\t\t\t\t\t\t\t\t\t\t\t\t\t\t\t<\/div>\n\t\t\t\t<\/div>\n\t\t\t\t\t<\/div>\n\t\t<\/div>\n\t\t\t\t\t<\/div>\n\t\t<\/section>\n\t\t\t\t<section class=\"elementor-section elementor-top-section elementor-element elementor-element-14aac2b elementor-section-boxed elementor-section-height-default elementor-section-height-default\" data-id=\"14aac2b\" data-element_type=\"section\" data-e-type=\"section\">\n\t\t\t\t\t\t<div class=\"elementor-container elementor-column-gap-default\">\n\t\t\t\t\t<div class=\"elementor-column elementor-col-50 elementor-top-column elementor-element elementor-element-f481492\" data-id=\"f481492\" data-element_type=\"column\" data-e-type=\"column\">\n\t\t\t<div class=\"elementor-widget-wrap elementor-element-populated\">\n\t\t\t\t\t\t<div class=\"elementor-element elementor-element-650d2fc elementor-widget elementor-widget-image\" data-id=\"650d2fc\" data-element_type=\"widget\" data-e-type=\"widget\" data-widget_type=\"image.default\">\n\t\t\t\t<div class=\"elementor-widget-container\">\n\t\t\t\t\t\t\t\t\t\t\t\t\t\t\t<img decoding=\"async\" width=\"800\" height=\"982\" src=\"https:\/\/vetk.hu\/wp-content\/uploads\/2026\/04\/Sarkany-zaroko-834x1024.jpg\" class=\"attachment-large size-large wp-image-8777\" alt=\"\" srcset=\"https:\/\/vetk.hu\/wp-content\/uploads\/2026\/04\/Sarkany-zaroko-834x1024.jpg 834w, https:\/\/vetk.hu\/wp-content\/uploads\/2026\/04\/Sarkany-zaroko-244x300.jpg 244w, https:\/\/vetk.hu\/wp-content\/uploads\/2026\/04\/Sarkany-zaroko-768x943.jpg 768w, https:\/\/vetk.hu\/wp-content\/uploads\/2026\/04\/Sarkany-zaroko-1251x1536.jpg 1251w, https:\/\/vetk.hu\/wp-content\/uploads\/2026\/04\/Sarkany-zaroko-1668x2048.jpg 1668w, https:\/\/vetk.hu\/wp-content\/uploads\/2026\/04\/Sarkany-zaroko-10x12.jpg 10w\" sizes=\"(max-width: 800px) 100vw, 800px\" \/>\t\t\t\t\t\t\t\t\t\t\t\t\t\t\t<\/div>\n\t\t\t\t<\/div>\n\t\t\t\t\t<\/div>\n\t\t<\/div>\n\t\t\t\t<div class=\"elementor-column elementor-col-50 elementor-top-column elementor-element elementor-element-4fc0466\" data-id=\"4fc0466\" data-element_type=\"column\" data-e-type=\"column\">\n\t\t\t<div class=\"elementor-widget-wrap elementor-element-populated\">\n\t\t\t\t\t\t<div class=\"elementor-element elementor-element-32eb530 elementor-widget elementor-widget-text-editor\" data-id=\"32eb530\" data-element_type=\"widget\" data-e-type=\"widget\" data-widget_type=\"text-editor.default\">\n\t\t\t\t<div class=\"elementor-widget-container\">\n\t\t\t\t\t\t\t\t\t<p>But what is a dragon doing in a chapel?<\/p><p>The decoration of medieval churches was not limited to a single type of religious symbol. Animal figures, hybrid creatures, plant motifs, and geometric shapes frequently appear in the stone carvings. The dragon carried multiple meanings in the visual thinking of the era. It could appear as a symbol of evil, as a form of chaotic forces, or as one of the strange creatures of the created world. These figures were not isolated decorative elements, but rather parts of a broader visual system. The dragon carving in the Gizella Chapel fits into this system. Based on its location, size, and execution, it reflects the thinking of the stonemason\u2019s workshop: at the apex of the structure appears a motif that conveys both meaning and form. The dragon does not dominate the space, yet it catches the viewer\u2019s eye. For those who notice it, the chapel is no longer just a collection of frescoes and walls, but a carefully constructed medieval image in which every element has its place and role.<\/p><p>Visits to the Gizella Chapel are available as part of a guided tour of the castle. During the upcoming Gizella Days, the Archdiocese of Veszpr\u00e9m is preparing a particularly rich program.<\/p><p>Anyone who steps inside knows that it\u2019s worth looking not only ahead but also up.<\/p>\t\t\t\t\t\t\t\t<\/div>\n\t\t\t\t<\/div>\n\t\t\t\t\t<\/div>\n\t\t<\/div>\n\t\t\t\t\t<\/div>\n\t\t<\/section>\n\t\t\t\t<\/div>","protected":false},"excerpt":{"rendered":"<p>Apr\u00f3 k\u00f6z\u00e9pkori jelek a Gizella K\u00e1polna boltozat\u00e1n A Gizella K\u00e1poln\u00e1ba bel\u00e9pve a l\u00e1togat\u00f3 tekintete \u00f6szt\u00f6n\u00f6sen a falak fel\u00e9 fordul. A fresk\u00f3k ritmusa k\u00f6vethet\u0151, a t\u00e9r ar\u00e1nyai tiszt\u00e1k. N\u00e9h\u00e1ny m\u00e1sodperc ut\u00e1n [&hellip;]<\/p>\n","protected":false},"author":5,"featured_media":8778,"comment_status":"open","ping_status":"open","sticky":false,"template":"","format":"standard","meta":{"_acf_changed":false,"_price":"","_stock":"","_tribe_ticket_header":"","_tribe_default_ticket_provider":"","_tribe_ticket_capacity":"0","_ticket_start_date":"","_ticket_end_date":"","_tribe_ticket_show_description":"","_tribe_ticket_show_not_going":false,"_tribe_ticket_use_global_stock":"","_tribe_ticket_global_stock_level":"","_global_stock_mode":"","_global_stock_cap":"","_tribe_rsvp_for_event":"","_tribe_ticket_going_count":"","_tribe_ticket_not_going_count":"","_tribe_tickets_list":"[]","_tribe_ticket_has_attendee_info_fields":false,"footnotes":""},"categories":[8],"tags":[47,112,115],"class_list":["post-8774","post","type-post","status-publish","format-standard","has-post-thumbnail","hentry","category-hirek","tag-gizella-kapolna","tag-vezetett-seta","tag-vezetett-varseta"],"acf":[],"yoast_head":"<!-- This site is optimized with the Yoast SEO plugin v27.3 - https:\/\/yoast.com\/product\/yoast-seo-wordpress\/ -->\n<title>A s\u00e1rk\u00e1ny, amely a fej\u00fcnk f\u00f6l\u00f6tt rejt\u0151zik - Veszpr\u00e9mi \u00c9rseks\u00e9g Turisztikai K\u00f6zpont<\/title>\n<meta name=\"description\" content=\"A Gizella K\u00e1polna boltozat\u00e1n egy s\u00e1rk\u00e1ny rejt\u0151zik. Fedezd fel ezt az apr\u00f3 k\u00f6z\u00e9pkori r\u00e9szletet vezetett v\u00e1rs\u00e9t\u00e1n a veszpr\u00e9mi V\u00e1rnegyedben.\" \/>\n<meta name=\"robots\" content=\"index, follow, max-snippet:-1, max-image-preview:large, max-video-preview:-1\" \/>\n<link rel=\"canonical\" href=\"https:\/\/vetk.hu\/en\/2026\/04\/28\/gizella-kapolna-titka-a-sarkany-a-boltozat-csucsan-veszprem-varnegyed\/\" \/>\n<meta property=\"og:locale\" content=\"en_GB\" \/>\n<meta property=\"og:type\" content=\"article\" \/>\n<meta property=\"og:title\" content=\"A s\u00e1rk\u00e1ny, amely a fej\u00fcnk f\u00f6l\u00f6tt rejt\u0151zik - Veszpr\u00e9mi \u00c9rseks\u00e9g Turisztikai K\u00f6zpont\" \/>\n<meta property=\"og:description\" content=\"A Gizella K\u00e1polna boltozat\u00e1n egy s\u00e1rk\u00e1ny rejt\u0151zik. Fedezd fel ezt az apr\u00f3 k\u00f6z\u00e9pkori r\u00e9szletet vezetett v\u00e1rs\u00e9t\u00e1n a veszpr\u00e9mi V\u00e1rnegyedben.\" \/>\n<meta property=\"og:url\" content=\"https:\/\/vetk.hu\/en\/2026\/04\/28\/gizella-kapolna-titka-a-sarkany-a-boltozat-csucsan-veszprem-varnegyed\/\" \/>\n<meta property=\"og:site_name\" content=\"Veszpr\u00e9mi \u00c9rseks\u00e9g Turisztikai K\u00f6zpont\" \/>\n<meta property=\"article:published_time\" content=\"2026-04-28T09:01:50+00:00\" \/>\n<meta property=\"article:modified_time\" content=\"2026-04-28T09:04:10+00:00\" \/>\n<meta property=\"og:image\" content=\"https:\/\/vetk.hu\/wp-content\/uploads\/2026\/04\/Sarkany-zaroko2-scaled.jpg\" \/>\n\t<meta property=\"og:image:width\" content=\"2560\" \/>\n\t<meta property=\"og:image:height\" content=\"1627\" \/>\n\t<meta property=\"og:image:type\" content=\"image\/jpeg\" \/>\n<meta name=\"author\" content=\"Kiss D\u00e1vid\" \/>\n<meta name=\"twitter:card\" content=\"summary_large_image\" \/>\n<meta name=\"twitter:label1\" content=\"Written by\" \/>\n\t<meta name=\"twitter:data1\" content=\"Kiss D\u00e1vid\" \/>\n\t<meta name=\"twitter:label2\" content=\"Estimated reading time\" \/>\n\t<meta name=\"twitter:data2\" content=\"3 minutes\" \/>\n<script type=\"application\/ld+json\" class=\"yoast-schema-graph\">{\"@context\":\"https:\\\/\\\/schema.org\",\"@graph\":[{\"@type\":\"Article\",\"@id\":\"https:\\\/\\\/vetk.hu\\\/2026\\\/04\\\/28\\\/gizella-kapolna-titka-a-sarkany-a-boltozat-csucsan-veszprem-varnegyed\\\/#article\",\"isPartOf\":{\"@id\":\"https:\\\/\\\/vetk.hu\\\/2026\\\/04\\\/28\\\/gizella-kapolna-titka-a-sarkany-a-boltozat-csucsan-veszprem-varnegyed\\\/\"},\"author\":{\"name\":\"Kiss D\u00e1vid\",\"@id\":\"https:\\\/\\\/vetk.hu\\\/#\\\/schema\\\/person\\\/f74be88ca28547b570f744b888847fb4\"},\"headline\":\"A s\u00e1rk\u00e1ny, amely a fej\u00fcnk f\u00f6l\u00f6tt rejt\u0151zik\",\"datePublished\":\"2026-04-28T09:01:50+00:00\",\"dateModified\":\"2026-04-28T09:04:10+00:00\",\"mainEntityOfPage\":{\"@id\":\"https:\\\/\\\/vetk.hu\\\/2026\\\/04\\\/28\\\/gizella-kapolna-titka-a-sarkany-a-boltozat-csucsan-veszprem-varnegyed\\\/\"},\"wordCount\":503,\"commentCount\":0,\"publisher\":{\"@id\":\"https:\\\/\\\/vetk.hu\\\/#organization\"},\"image\":{\"@id\":\"https:\\\/\\\/vetk.hu\\\/2026\\\/04\\\/28\\\/gizella-kapolna-titka-a-sarkany-a-boltozat-csucsan-veszprem-varnegyed\\\/#primaryimage\"},\"thumbnailUrl\":\"https:\\\/\\\/vetk.hu\\\/wp-content\\\/uploads\\\/2026\\\/04\\\/Sarkany-zaroko2-scaled.jpg\",\"keywords\":[\"Gizella K\u00e1polna\",\"vezetett s\u00e9ta\",\"vezetett v\u00e1rs\u00e9ta\"],\"articleSection\":[\"H\u00edrek\"],\"inLanguage\":\"en-GB\",\"potentialAction\":[{\"@type\":\"CommentAction\",\"name\":\"Comment\",\"target\":[\"https:\\\/\\\/vetk.hu\\\/2026\\\/04\\\/28\\\/gizella-kapolna-titka-a-sarkany-a-boltozat-csucsan-veszprem-varnegyed\\\/#respond\"]}]},{\"@type\":\"WebPage\",\"@id\":\"https:\\\/\\\/vetk.hu\\\/2026\\\/04\\\/28\\\/gizella-kapolna-titka-a-sarkany-a-boltozat-csucsan-veszprem-varnegyed\\\/\",\"url\":\"https:\\\/\\\/vetk.hu\\\/2026\\\/04\\\/28\\\/gizella-kapolna-titka-a-sarkany-a-boltozat-csucsan-veszprem-varnegyed\\\/\",\"name\":\"A s\u00e1rk\u00e1ny, amely a fej\u00fcnk f\u00f6l\u00f6tt rejt\u0151zik - Veszpr\u00e9mi \u00c9rseks\u00e9g Turisztikai K\u00f6zpont\",\"isPartOf\":{\"@id\":\"https:\\\/\\\/vetk.hu\\\/#website\"},\"primaryImageOfPage\":{\"@id\":\"https:\\\/\\\/vetk.hu\\\/2026\\\/04\\\/28\\\/gizella-kapolna-titka-a-sarkany-a-boltozat-csucsan-veszprem-varnegyed\\\/#primaryimage\"},\"image\":{\"@id\":\"https:\\\/\\\/vetk.hu\\\/2026\\\/04\\\/28\\\/gizella-kapolna-titka-a-sarkany-a-boltozat-csucsan-veszprem-varnegyed\\\/#primaryimage\"},\"thumbnailUrl\":\"https:\\\/\\\/vetk.hu\\\/wp-content\\\/uploads\\\/2026\\\/04\\\/Sarkany-zaroko2-scaled.jpg\",\"datePublished\":\"2026-04-28T09:01:50+00:00\",\"dateModified\":\"2026-04-28T09:04:10+00:00\",\"description\":\"A Gizella K\u00e1polna boltozat\u00e1n egy s\u00e1rk\u00e1ny rejt\u0151zik. Fedezd fel ezt az apr\u00f3 k\u00f6z\u00e9pkori r\u00e9szletet vezetett v\u00e1rs\u00e9t\u00e1n a veszpr\u00e9mi V\u00e1rnegyedben.\",\"breadcrumb\":{\"@id\":\"https:\\\/\\\/vetk.hu\\\/2026\\\/04\\\/28\\\/gizella-kapolna-titka-a-sarkany-a-boltozat-csucsan-veszprem-varnegyed\\\/#breadcrumb\"},\"inLanguage\":\"en-GB\",\"potentialAction\":[{\"@type\":\"ReadAction\",\"target\":[\"https:\\\/\\\/vetk.hu\\\/2026\\\/04\\\/28\\\/gizella-kapolna-titka-a-sarkany-a-boltozat-csucsan-veszprem-varnegyed\\\/\"]}]},{\"@type\":\"ImageObject\",\"inLanguage\":\"en-GB\",\"@id\":\"https:\\\/\\\/vetk.hu\\\/2026\\\/04\\\/28\\\/gizella-kapolna-titka-a-sarkany-a-boltozat-csucsan-veszprem-varnegyed\\\/#primaryimage\",\"url\":\"https:\\\/\\\/vetk.hu\\\/wp-content\\\/uploads\\\/2026\\\/04\\\/Sarkany-zaroko2-scaled.jpg\",\"contentUrl\":\"https:\\\/\\\/vetk.hu\\\/wp-content\\\/uploads\\\/2026\\\/04\\\/Sarkany-zaroko2-scaled.jpg\",\"width\":2560,\"height\":1627},{\"@type\":\"BreadcrumbList\",\"@id\":\"https:\\\/\\\/vetk.hu\\\/2026\\\/04\\\/28\\\/gizella-kapolna-titka-a-sarkany-a-boltozat-csucsan-veszprem-varnegyed\\\/#breadcrumb\",\"itemListElement\":[{\"@type\":\"ListItem\",\"position\":1,\"name\":\"Home\",\"item\":\"https:\\\/\\\/vetk.hu\\\/\"},{\"@type\":\"ListItem\",\"position\":2,\"name\":\"A s\u00e1rk\u00e1ny, amely a fej\u00fcnk f\u00f6l\u00f6tt rejt\u0151zik\"}]},{\"@type\":\"WebSite\",\"@id\":\"https:\\\/\\\/vetk.hu\\\/#website\",\"url\":\"https:\\\/\\\/vetk.hu\\\/\",\"name\":\"Veszpr\u00e9mi \u00c9rseki Turisztikai K\u00f6zpont \u2013 Hit, \u00f6r\u00f6ks\u00e9g, \u00e9lm\u00e9ny | vetk.hu\",\"description\":\"\",\"publisher\":{\"@id\":\"https:\\\/\\\/vetk.hu\\\/#organization\"},\"potentialAction\":[{\"@type\":\"SearchAction\",\"target\":{\"@type\":\"EntryPoint\",\"urlTemplate\":\"https:\\\/\\\/vetk.hu\\\/?s={search_term_string}\"},\"query-input\":{\"@type\":\"PropertyValueSpecification\",\"valueRequired\":true,\"valueName\":\"search_term_string\"}}],\"inLanguage\":\"en-GB\"},{\"@type\":\"Organization\",\"@id\":\"https:\\\/\\\/vetk.hu\\\/#organization\",\"name\":\"Veszpr\u00e9mi \u00c9rseki Turisztikai K\u00f6zpont\",\"url\":\"https:\\\/\\\/vetk.hu\\\/\",\"logo\":{\"@type\":\"ImageObject\",\"inLanguage\":\"en-GB\",\"@id\":\"https:\\\/\\\/vetk.hu\\\/#\\\/schema\\\/logo\\\/image\\\/\",\"url\":\"https:\\\/\\\/vetk.hu\\\/wp-content\\\/uploads\\\/2023\\\/04\\\/cropped-Group-3.png\",\"contentUrl\":\"https:\\\/\\\/vetk.hu\\\/wp-content\\\/uploads\\\/2023\\\/04\\\/cropped-Group-3.png\",\"width\":353,\"height\":338,\"caption\":\"Veszpr\u00e9mi \u00c9rseki Turisztikai K\u00f6zpont\"},\"image\":{\"@id\":\"https:\\\/\\\/vetk.hu\\\/#\\\/schema\\\/logo\\\/image\\\/\"}},{\"@type\":\"Person\",\"@id\":\"https:\\\/\\\/vetk.hu\\\/#\\\/schema\\\/person\\\/f74be88ca28547b570f744b888847fb4\",\"name\":\"Kiss D\u00e1vid\",\"image\":{\"@type\":\"ImageObject\",\"inLanguage\":\"en-GB\",\"@id\":\"https:\\\/\\\/secure.gravatar.com\\\/avatar\\\/e0fada96396a04ef09fa4492576e5e96b118daafa4c00823eea14a95a0b9581a?s=96&d=mm&r=g\",\"url\":\"https:\\\/\\\/secure.gravatar.com\\\/avatar\\\/e0fada96396a04ef09fa4492576e5e96b118daafa4c00823eea14a95a0b9581a?s=96&d=mm&r=g\",\"contentUrl\":\"https:\\\/\\\/secure.gravatar.com\\\/avatar\\\/e0fada96396a04ef09fa4492576e5e96b118daafa4c00823eea14a95a0b9581a?s=96&d=mm&r=g\",\"caption\":\"Kiss D\u00e1vid\"},\"sameAs\":[\"http:\\\/\\\/www.veszpremiersekseg.hu\"],\"url\":\"https:\\\/\\\/vetk.hu\\\/en\\\/author\\\/kiss-david\\\/\"}]}<\/script>\n<!-- \/ Yoast SEO plugin. -->","yoast_head_json":{"title":"A s\u00e1rk\u00e1ny, amely a fej\u00fcnk f\u00f6l\u00f6tt rejt\u0151zik - Veszpr\u00e9mi \u00c9rseks\u00e9g Turisztikai K\u00f6zpont","description":"A Gizella K\u00e1polna boltozat\u00e1n egy s\u00e1rk\u00e1ny rejt\u0151zik. Fedezd fel ezt az apr\u00f3 k\u00f6z\u00e9pkori r\u00e9szletet vezetett v\u00e1rs\u00e9t\u00e1n a veszpr\u00e9mi V\u00e1rnegyedben.","robots":{"index":"index","follow":"follow","max-snippet":"max-snippet:-1","max-image-preview":"max-image-preview:large","max-video-preview":"max-video-preview:-1"},"canonical":"https:\/\/vetk.hu\/en\/2026\/04\/28\/gizella-kapolna-titka-a-sarkany-a-boltozat-csucsan-veszprem-varnegyed\/","og_locale":"en_GB","og_type":"article","og_title":"A s\u00e1rk\u00e1ny, amely a fej\u00fcnk f\u00f6l\u00f6tt rejt\u0151zik - Veszpr\u00e9mi \u00c9rseks\u00e9g Turisztikai K\u00f6zpont","og_description":"A Gizella K\u00e1polna boltozat\u00e1n egy s\u00e1rk\u00e1ny rejt\u0151zik. Fedezd fel ezt az apr\u00f3 k\u00f6z\u00e9pkori r\u00e9szletet vezetett v\u00e1rs\u00e9t\u00e1n a veszpr\u00e9mi V\u00e1rnegyedben.","og_url":"https:\/\/vetk.hu\/en\/2026\/04\/28\/gizella-kapolna-titka-a-sarkany-a-boltozat-csucsan-veszprem-varnegyed\/","og_site_name":"Veszpr\u00e9mi \u00c9rseks\u00e9g Turisztikai K\u00f6zpont","article_published_time":"2026-04-28T09:01:50+00:00","article_modified_time":"2026-04-28T09:04:10+00:00","og_image":[{"width":2560,"height":1627,"url":"https:\/\/vetk.hu\/wp-content\/uploads\/2026\/04\/Sarkany-zaroko2-scaled.jpg","type":"image\/jpeg"}],"author":"Kiss D\u00e1vid","twitter_card":"summary_large_image","twitter_misc":{"Written by":"Kiss D\u00e1vid","Estimated reading time":"3 minutes"},"schema":{"@context":"https:\/\/schema.org","@graph":[{"@type":"Article","@id":"https:\/\/vetk.hu\/2026\/04\/28\/gizella-kapolna-titka-a-sarkany-a-boltozat-csucsan-veszprem-varnegyed\/#article","isPartOf":{"@id":"https:\/\/vetk.hu\/2026\/04\/28\/gizella-kapolna-titka-a-sarkany-a-boltozat-csucsan-veszprem-varnegyed\/"},"author":{"name":"Kiss D\u00e1vid","@id":"https:\/\/vetk.hu\/#\/schema\/person\/f74be88ca28547b570f744b888847fb4"},"headline":"A s\u00e1rk\u00e1ny, amely a fej\u00fcnk f\u00f6l\u00f6tt rejt\u0151zik","datePublished":"2026-04-28T09:01:50+00:00","dateModified":"2026-04-28T09:04:10+00:00","mainEntityOfPage":{"@id":"https:\/\/vetk.hu\/2026\/04\/28\/gizella-kapolna-titka-a-sarkany-a-boltozat-csucsan-veszprem-varnegyed\/"},"wordCount":503,"commentCount":0,"publisher":{"@id":"https:\/\/vetk.hu\/#organization"},"image":{"@id":"https:\/\/vetk.hu\/2026\/04\/28\/gizella-kapolna-titka-a-sarkany-a-boltozat-csucsan-veszprem-varnegyed\/#primaryimage"},"thumbnailUrl":"https:\/\/vetk.hu\/wp-content\/uploads\/2026\/04\/Sarkany-zaroko2-scaled.jpg","keywords":["Gizella K\u00e1polna","vezetett s\u00e9ta","vezetett v\u00e1rs\u00e9ta"],"articleSection":["H\u00edrek"],"inLanguage":"en-GB","potentialAction":[{"@type":"CommentAction","name":"Comment","target":["https:\/\/vetk.hu\/2026\/04\/28\/gizella-kapolna-titka-a-sarkany-a-boltozat-csucsan-veszprem-varnegyed\/#respond"]}]},{"@type":"WebPage","@id":"https:\/\/vetk.hu\/2026\/04\/28\/gizella-kapolna-titka-a-sarkany-a-boltozat-csucsan-veszprem-varnegyed\/","url":"https:\/\/vetk.hu\/2026\/04\/28\/gizella-kapolna-titka-a-sarkany-a-boltozat-csucsan-veszprem-varnegyed\/","name":"A s\u00e1rk\u00e1ny, amely a fej\u00fcnk f\u00f6l\u00f6tt rejt\u0151zik - Veszpr\u00e9mi \u00c9rseks\u00e9g Turisztikai K\u00f6zpont","isPartOf":{"@id":"https:\/\/vetk.hu\/#website"},"primaryImageOfPage":{"@id":"https:\/\/vetk.hu\/2026\/04\/28\/gizella-kapolna-titka-a-sarkany-a-boltozat-csucsan-veszprem-varnegyed\/#primaryimage"},"image":{"@id":"https:\/\/vetk.hu\/2026\/04\/28\/gizella-kapolna-titka-a-sarkany-a-boltozat-csucsan-veszprem-varnegyed\/#primaryimage"},"thumbnailUrl":"https:\/\/vetk.hu\/wp-content\/uploads\/2026\/04\/Sarkany-zaroko2-scaled.jpg","datePublished":"2026-04-28T09:01:50+00:00","dateModified":"2026-04-28T09:04:10+00:00","description":"A Gizella K\u00e1polna boltozat\u00e1n egy s\u00e1rk\u00e1ny rejt\u0151zik. Fedezd fel ezt az apr\u00f3 k\u00f6z\u00e9pkori r\u00e9szletet vezetett v\u00e1rs\u00e9t\u00e1n a veszpr\u00e9mi V\u00e1rnegyedben.","breadcrumb":{"@id":"https:\/\/vetk.hu\/2026\/04\/28\/gizella-kapolna-titka-a-sarkany-a-boltozat-csucsan-veszprem-varnegyed\/#breadcrumb"},"inLanguage":"en-GB","potentialAction":[{"@type":"ReadAction","target":["https:\/\/vetk.hu\/2026\/04\/28\/gizella-kapolna-titka-a-sarkany-a-boltozat-csucsan-veszprem-varnegyed\/"]}]},{"@type":"ImageObject","inLanguage":"en-GB","@id":"https:\/\/vetk.hu\/2026\/04\/28\/gizella-kapolna-titka-a-sarkany-a-boltozat-csucsan-veszprem-varnegyed\/#primaryimage","url":"https:\/\/vetk.hu\/wp-content\/uploads\/2026\/04\/Sarkany-zaroko2-scaled.jpg","contentUrl":"https:\/\/vetk.hu\/wp-content\/uploads\/2026\/04\/Sarkany-zaroko2-scaled.jpg","width":2560,"height":1627},{"@type":"BreadcrumbList","@id":"https:\/\/vetk.hu\/2026\/04\/28\/gizella-kapolna-titka-a-sarkany-a-boltozat-csucsan-veszprem-varnegyed\/#breadcrumb","itemListElement":[{"@type":"ListItem","position":1,"name":"Home","item":"https:\/\/vetk.hu\/"},{"@type":"ListItem","position":2,"name":"A s\u00e1rk\u00e1ny, amely a fej\u00fcnk f\u00f6l\u00f6tt rejt\u0151zik"}]},{"@type":"WebSite","@id":"https:\/\/vetk.hu\/#website","url":"https:\/\/vetk.hu\/","name":"Veszpr\u00e9mi \u00c9rseki Turisztikai K\u00f6zpont \u2013 Hit, \u00f6r\u00f6ks\u00e9g, \u00e9lm\u00e9ny | vetk.hu","description":"","publisher":{"@id":"https:\/\/vetk.hu\/#organization"},"potentialAction":[{"@type":"SearchAction","target":{"@type":"EntryPoint","urlTemplate":"https:\/\/vetk.hu\/?s={search_term_string}"},"query-input":{"@type":"PropertyValueSpecification","valueRequired":true,"valueName":"search_term_string"}}],"inLanguage":"en-GB"},{"@type":"Organization","@id":"https:\/\/vetk.hu\/#organization","name":"Veszpr\u00e9mi \u00c9rseki Turisztikai K\u00f6zpont","url":"https:\/\/vetk.hu\/","logo":{"@type":"ImageObject","inLanguage":"en-GB","@id":"https:\/\/vetk.hu\/#\/schema\/logo\/image\/","url":"https:\/\/vetk.hu\/wp-content\/uploads\/2023\/04\/cropped-Group-3.png","contentUrl":"https:\/\/vetk.hu\/wp-content\/uploads\/2023\/04\/cropped-Group-3.png","width":353,"height":338,"caption":"Veszpr\u00e9mi \u00c9rseki Turisztikai K\u00f6zpont"},"image":{"@id":"https:\/\/vetk.hu\/#\/schema\/logo\/image\/"}},{"@type":"Person","@id":"https:\/\/vetk.hu\/#\/schema\/person\/f74be88ca28547b570f744b888847fb4","name":"Kiss D\u00e1vid","image":{"@type":"ImageObject","inLanguage":"en-GB","@id":"https:\/\/secure.gravatar.com\/avatar\/e0fada96396a04ef09fa4492576e5e96b118daafa4c00823eea14a95a0b9581a?s=96&d=mm&r=g","url":"https:\/\/secure.gravatar.com\/avatar\/e0fada96396a04ef09fa4492576e5e96b118daafa4c00823eea14a95a0b9581a?s=96&d=mm&r=g","contentUrl":"https:\/\/secure.gravatar.com\/avatar\/e0fada96396a04ef09fa4492576e5e96b118daafa4c00823eea14a95a0b9581a?s=96&d=mm&r=g","caption":"Kiss D\u00e1vid"},"sameAs":["http:\/\/www.veszpremiersekseg.hu"],"url":"https:\/\/vetk.hu\/en\/author\/kiss-david\/"}]}},"_links":{"self":[{"href":"https:\/\/vetk.hu\/en\/wp-json\/wp\/v2\/posts\/8774","targetHints":{"allow":["GET"]}}],"collection":[{"href":"https:\/\/vetk.hu\/en\/wp-json\/wp\/v2\/posts"}],"about":[{"href":"https:\/\/vetk.hu\/en\/wp-json\/wp\/v2\/types\/post"}],"author":[{"embeddable":true,"href":"https:\/\/vetk.hu\/en\/wp-json\/wp\/v2\/users\/5"}],"replies":[{"embeddable":true,"href":"https:\/\/vetk.hu\/en\/wp-json\/wp\/v2\/comments?post=8774"}],"version-history":[{"count":4,"href":"https:\/\/vetk.hu\/en\/wp-json\/wp\/v2\/posts\/8774\/revisions"}],"predecessor-version":[{"id":8782,"href":"https:\/\/vetk.hu\/en\/wp-json\/wp\/v2\/posts\/8774\/revisions\/8782"}],"wp:featuredmedia":[{"embeddable":true,"href":"https:\/\/vetk.hu\/en\/wp-json\/wp\/v2\/media\/8778"}],"wp:attachment":[{"href":"https:\/\/vetk.hu\/en\/wp-json\/wp\/v2\/media?parent=8774"}],"wp:term":[{"taxonomy":"category","embeddable":true,"href":"https:\/\/vetk.hu\/en\/wp-json\/wp\/v2\/categories?post=8774"},{"taxonomy":"post_tag","embeddable":true,"href":"https:\/\/vetk.hu\/en\/wp-json\/wp\/v2\/tags?post=8774"}],"curies":[{"name":"wp","href":"https:\/\/api.w.org\/{rel}","templated":true}]}}