{"id":9245,"date":"2026-04-30T09:52:30","date_gmt":"2026-04-30T07:52:30","guid":{"rendered":"https:\/\/vetk.hu\/?p=9245"},"modified":"2026-04-30T09:59:45","modified_gmt":"2026-04-30T07:59:45","slug":"gizella-napok-varsetak-veszpremben-idopontok-es-regisztracio","status":"publish","type":"post","link":"https:\/\/vetk.hu\/en\/2026\/04\/30\/gizella-napok-varsetak-veszpremben-idopontok-es-regisztracio\/","title":{"rendered":"Gizella Days Guided Castle Walks \u2013 Registration"},"content":{"rendered":"<div data-elementor-type=\"wp-post\" data-elementor-id=\"9245\" class=\"elementor elementor-9245\" data-elementor-post-type=\"post\">\n\t\t\t\t\t\t<section class=\"elementor-section elementor-top-section elementor-element elementor-element-38435f0 elementor-section-boxed elementor-section-height-default elementor-section-height-default\" data-id=\"38435f0\" data-element_type=\"section\" data-e-type=\"section\">\n\t\t\t\t\t\t<div class=\"elementor-container elementor-column-gap-default\">\n\t\t\t\t\t<div class=\"elementor-column elementor-col-100 elementor-top-column elementor-element elementor-element-468500b\" data-id=\"468500b\" data-element_type=\"column\" data-e-type=\"column\">\n\t\t\t<div class=\"elementor-widget-wrap elementor-element-populated\">\n\t\t\t\t\t\t<div class=\"elementor-element elementor-element-0eb6ab1 elementor-widget elementor-widget-text-editor\" data-id=\"0eb6ab1\" data-element_type=\"widget\" data-e-type=\"widget\" data-widget_type=\"text-editor.default\">\n\t\t\t\t<div class=\"elementor-widget-container\">\n\t\t\t\t\t\t\t\t\t<p data-start=\"404\" data-end=\"820\">During the Gizella Days, the Castle District of Veszpr\u00e9m opens not only as a venue but as a historical space waiting to be explored. The city\u2019s largest multi-arts festival takes place from May 4 to 10, 2026, and on the closing weekend, several guided castle walks offer visitors a closer look at the renewed buildings, chapels, and sacred spaces.<\/p><p data-start=\"822\" data-end=\"1244\">Among the programs is the walk titled Light and Devotion, which offers an introduction to the world of the Archiepiscopal Palace and the Gizella Chapel. The Gizella Chapel is a particularly important stop: its medieval frescoes, carved details, and intimate atmosphere make it one of the most memorable experiences in the Castle District. This guided walk starts on May 9 at 5:00 PM, and on May 10 at 10:30 AM and 2:00 PM.<\/p><p data-start=\"1246\" data-end=\"1592\">On May 9 at 3:00 PM, the professional presentation titled Technical Challenges and Opportunities in the Renewal of the Veszpr\u00e9m Castle District departs from the Trinity Column. The program offers insight into the architectural and heritage-related aspects of the district\u2019s renewal.\u00a0<\/p><p data-start=\"1594\" data-end=\"1999\">On May 10 at 3:00 PM, the guided walk titled A Thousand Years\u2019 Journey focuses on the history of Saint Michael\u2019s Cathedral and Saint George\u2019s Chapel. On the same day at 4:00 PM, the heritage-focused professional presentation and guided walk titled Witnesses of History on Veszpr\u00e9m Castle Hill explores the historical layers of the Castle District, starting from the Archiepiscopal Palace and the Gizella Chapel.<\/p><p data-start=\"2001\" data-end=\"2413\">Advance registration is required for the guided castle walks, which can be completed at the following link: <a href=\"https:\/\/www.veszpremiersekseg.hu\/esemeny\/regisztracio-gizella-napok-vezetett-varsetak\/\" target=\"_blank\" rel=\"noopener\">REGISTRATION.\u00a0<\/a><\/p><p data-start=\"2415\" data-end=\"2737\">The guided castle walks during the Gizella Days offer a great opportunity for visitors not only to stroll along Castle Street, but to step into the stories of the sites themselves. At this time, the renewed Castle District becomes at once festive, historical, and personally accessible: chapels, palaces, gardens, and hidden details come together as a single, unified experience.<\/p>\t\t\t\t\t\t\t\t<\/div>\n\t\t\t\t<\/div>\n\t\t\t\t\t<\/div>\n\t\t<\/div>\n\t\t\t\t\t<\/div>\n\t\t<\/section>\n\t\t\t\t<\/div>","protected":false},"excerpt":{"rendered":"<p>A Gizella Napok idej\u00e9n a veszpr\u00e9mi V\u00e1rnegyed nemcsak helysz\u00ednk\u00e9nt, hanem felfedez\u00e9sre v\u00e1r\u00f3 t\u00f6rt\u00e9nelmi t\u00e9rk\u00e9nt is megny\u00edlik a l\u00e1togat\u00f3k el\u0151tt. A v\u00e1ros legnagyobb \u00f6sszm\u0171v\u00e9szeti fesztiv\u00e1lja 2026-ban m\u00e1jus 4. \u00e9s 10. k\u00f6z\u00f6tt [&hellip;]<\/p>\n","protected":false},"author":5,"featured_media":9246,"comment_status":"open","ping_status":"open","sticky":false,"template":"","format":"standard","meta":{"_acf_changed":false,"_price":"","_stock":"","_tribe_ticket_header":"","_tribe_default_ticket_provider":"","_tribe_ticket_capacity":"0","_ticket_start_date":"","_ticket_end_date":"","_tribe_ticket_show_description":"","_tribe_ticket_show_not_going":false,"_tribe_ticket_use_global_stock":"","_tribe_ticket_global_stock_level":"","_global_stock_mode":"","_global_stock_cap":"","_tribe_rsvp_for_event":"","_tribe_ticket_going_count":"","_tribe_ticket_not_going_count":"","_tribe_tickets_list":"[]","_tribe_ticket_has_attendee_info_fields":false,"footnotes":""},"categories":[8],"tags":[],"class_list":["post-9245","post","type-post","status-publish","format-standard","has-post-thumbnail","hentry","category-hirek"],"acf":[],"yoast_head":"<!-- This site is optimized with the Yoast SEO plugin v27.3 - https:\/\/yoast.com\/product\/yoast-seo-wordpress\/ -->\n<title>Gizella-napi vezetett v\u00e1rs\u00e9t\u00e1k - Regisztr\u00e1ci\u00f3 - Veszpr\u00e9mi \u00c9rseks\u00e9g Turisztikai K\u00f6zpont<\/title>\n<meta name=\"description\" content=\"Fedezd fel a veszpr\u00e9mi V\u00e1rnegyedet a Gizella Napokon! Id\u0151pontok, tematikus v\u00e1rs\u00e9t\u00e1k \u00e9s regisztr\u00e1ci\u00f3 egy helyen.\" \/>\n<meta name=\"robots\" content=\"index, follow, max-snippet:-1, max-image-preview:large, max-video-preview:-1\" \/>\n<link rel=\"canonical\" href=\"https:\/\/vetk.hu\/en\/2026\/04\/30\/gizella-napok-varsetak-veszpremben-idopontok-es-regisztracio\/\" \/>\n<meta property=\"og:locale\" content=\"en_GB\" \/>\n<meta property=\"og:type\" content=\"article\" \/>\n<meta property=\"og:title\" content=\"Gizella-napi vezetett v\u00e1rs\u00e9t\u00e1k - Regisztr\u00e1ci\u00f3 - Veszpr\u00e9mi \u00c9rseks\u00e9g Turisztikai K\u00f6zpont\" \/>\n<meta property=\"og:description\" content=\"Fedezd fel a veszpr\u00e9mi V\u00e1rnegyedet a Gizella Napokon! Id\u0151pontok, tematikus v\u00e1rs\u00e9t\u00e1k \u00e9s regisztr\u00e1ci\u00f3 egy helyen.\" \/>\n<meta property=\"og:url\" content=\"https:\/\/vetk.hu\/en\/2026\/04\/30\/gizella-napok-varsetak-veszpremben-idopontok-es-regisztracio\/\" \/>\n<meta property=\"og:site_name\" content=\"Veszpr\u00e9mi \u00c9rseks\u00e9g Turisztikai K\u00f6zpont\" \/>\n<meta property=\"article:published_time\" content=\"2026-04-30T07:52:30+00:00\" \/>\n<meta property=\"article:modified_time\" content=\"2026-04-30T07:59:45+00:00\" \/>\n<meta property=\"og:image\" content=\"https:\/\/vetk.hu\/wp-content\/uploads\/2026\/04\/giella-vezetett-varsetak.jpg\" \/>\n\t<meta property=\"og:image:width\" content=\"800\" \/>\n\t<meta property=\"og:image:height\" content=\"800\" \/>\n\t<meta property=\"og:image:type\" content=\"image\/jpeg\" \/>\n<meta name=\"author\" content=\"Kiss D\u00e1vid\" \/>\n<meta name=\"twitter:card\" content=\"summary_large_image\" \/>\n<meta name=\"twitter:label1\" content=\"Written by\" \/>\n\t<meta name=\"twitter:data1\" content=\"Kiss D\u00e1vid\" \/>\n\t<meta name=\"twitter:label2\" content=\"Estimated reading time\" \/>\n\t<meta name=\"twitter:data2\" content=\"2 minutes\" \/>\n<script type=\"application\/ld+json\" class=\"yoast-schema-graph\">{\"@context\":\"https:\\\/\\\/schema.org\",\"@graph\":[{\"@type\":\"Article\",\"@id\":\"https:\\\/\\\/vetk.hu\\\/2026\\\/04\\\/30\\\/gizella-napok-varsetak-veszpremben-idopontok-es-regisztracio\\\/#article\",\"isPartOf\":{\"@id\":\"https:\\\/\\\/vetk.hu\\\/2026\\\/04\\\/30\\\/gizella-napok-varsetak-veszpremben-idopontok-es-regisztracio\\\/\"},\"author\":{\"name\":\"Kiss D\u00e1vid\",\"@id\":\"https:\\\/\\\/vetk.hu\\\/#\\\/schema\\\/person\\\/f74be88ca28547b570f744b888847fb4\"},\"headline\":\"Gizella-napi vezetett v\u00e1rs\u00e9t\u00e1k &#8211; Regisztr\u00e1ci\u00f3\",\"datePublished\":\"2026-04-30T07:52:30+00:00\",\"dateModified\":\"2026-04-30T07:59:45+00:00\",\"mainEntityOfPage\":{\"@id\":\"https:\\\/\\\/vetk.hu\\\/2026\\\/04\\\/30\\\/gizella-napok-varsetak-veszpremben-idopontok-es-regisztracio\\\/\"},\"wordCount\":413,\"commentCount\":0,\"publisher\":{\"@id\":\"https:\\\/\\\/vetk.hu\\\/#organization\"},\"image\":{\"@id\":\"https:\\\/\\\/vetk.hu\\\/2026\\\/04\\\/30\\\/gizella-napok-varsetak-veszpremben-idopontok-es-regisztracio\\\/#primaryimage\"},\"thumbnailUrl\":\"https:\\\/\\\/vetk.hu\\\/wp-content\\\/uploads\\\/2026\\\/04\\\/giella-vezetett-varsetak.jpg\",\"articleSection\":[\"H\u00edrek\"],\"inLanguage\":\"en-GB\",\"potentialAction\":[{\"@type\":\"CommentAction\",\"name\":\"Comment\",\"target\":[\"https:\\\/\\\/vetk.hu\\\/2026\\\/04\\\/30\\\/gizella-napok-varsetak-veszpremben-idopontok-es-regisztracio\\\/#respond\"]}]},{\"@type\":\"WebPage\",\"@id\":\"https:\\\/\\\/vetk.hu\\\/2026\\\/04\\\/30\\\/gizella-napok-varsetak-veszpremben-idopontok-es-regisztracio\\\/\",\"url\":\"https:\\\/\\\/vetk.hu\\\/2026\\\/04\\\/30\\\/gizella-napok-varsetak-veszpremben-idopontok-es-regisztracio\\\/\",\"name\":\"Gizella-napi vezetett v\u00e1rs\u00e9t\u00e1k - Regisztr\u00e1ci\u00f3 - Veszpr\u00e9mi \u00c9rseks\u00e9g Turisztikai K\u00f6zpont\",\"isPartOf\":{\"@id\":\"https:\\\/\\\/vetk.hu\\\/#website\"},\"primaryImageOfPage\":{\"@id\":\"https:\\\/\\\/vetk.hu\\\/2026\\\/04\\\/30\\\/gizella-napok-varsetak-veszpremben-idopontok-es-regisztracio\\\/#primaryimage\"},\"image\":{\"@id\":\"https:\\\/\\\/vetk.hu\\\/2026\\\/04\\\/30\\\/gizella-napok-varsetak-veszpremben-idopontok-es-regisztracio\\\/#primaryimage\"},\"thumbnailUrl\":\"https:\\\/\\\/vetk.hu\\\/wp-content\\\/uploads\\\/2026\\\/04\\\/giella-vezetett-varsetak.jpg\",\"datePublished\":\"2026-04-30T07:52:30+00:00\",\"dateModified\":\"2026-04-30T07:59:45+00:00\",\"description\":\"Fedezd fel a veszpr\u00e9mi V\u00e1rnegyedet a Gizella Napokon! Id\u0151pontok, tematikus v\u00e1rs\u00e9t\u00e1k \u00e9s regisztr\u00e1ci\u00f3 egy helyen.\",\"breadcrumb\":{\"@id\":\"https:\\\/\\\/vetk.hu\\\/2026\\\/04\\\/30\\\/gizella-napok-varsetak-veszpremben-idopontok-es-regisztracio\\\/#breadcrumb\"},\"inLanguage\":\"en-GB\",\"potentialAction\":[{\"@type\":\"ReadAction\",\"target\":[\"https:\\\/\\\/vetk.hu\\\/2026\\\/04\\\/30\\\/gizella-napok-varsetak-veszpremben-idopontok-es-regisztracio\\\/\"]}]},{\"@type\":\"ImageObject\",\"inLanguage\":\"en-GB\",\"@id\":\"https:\\\/\\\/vetk.hu\\\/2026\\\/04\\\/30\\\/gizella-napok-varsetak-veszpremben-idopontok-es-regisztracio\\\/#primaryimage\",\"url\":\"https:\\\/\\\/vetk.hu\\\/wp-content\\\/uploads\\\/2026\\\/04\\\/giella-vezetett-varsetak.jpg\",\"contentUrl\":\"https:\\\/\\\/vetk.hu\\\/wp-content\\\/uploads\\\/2026\\\/04\\\/giella-vezetett-varsetak.jpg\",\"width\":800,\"height\":800},{\"@type\":\"BreadcrumbList\",\"@id\":\"https:\\\/\\\/vetk.hu\\\/2026\\\/04\\\/30\\\/gizella-napok-varsetak-veszpremben-idopontok-es-regisztracio\\\/#breadcrumb\",\"itemListElement\":[{\"@type\":\"ListItem\",\"position\":1,\"name\":\"Home\",\"item\":\"https:\\\/\\\/vetk.hu\\\/\"},{\"@type\":\"ListItem\",\"position\":2,\"name\":\"Gizella-napi vezetett v\u00e1rs\u00e9t\u00e1k &#8211; Regisztr\u00e1ci\u00f3\"}]},{\"@type\":\"WebSite\",\"@id\":\"https:\\\/\\\/vetk.hu\\\/#website\",\"url\":\"https:\\\/\\\/vetk.hu\\\/\",\"name\":\"Veszpr\u00e9mi \u00c9rseki Turisztikai K\u00f6zpont \u2013 Hit, \u00f6r\u00f6ks\u00e9g, \u00e9lm\u00e9ny | vetk.hu\",\"description\":\"\",\"publisher\":{\"@id\":\"https:\\\/\\\/vetk.hu\\\/#organization\"},\"potentialAction\":[{\"@type\":\"SearchAction\",\"target\":{\"@type\":\"EntryPoint\",\"urlTemplate\":\"https:\\\/\\\/vetk.hu\\\/?s={search_term_string}\"},\"query-input\":{\"@type\":\"PropertyValueSpecification\",\"valueRequired\":true,\"valueName\":\"search_term_string\"}}],\"inLanguage\":\"en-GB\"},{\"@type\":\"Organization\",\"@id\":\"https:\\\/\\\/vetk.hu\\\/#organization\",\"name\":\"Veszpr\u00e9mi \u00c9rseki Turisztikai K\u00f6zpont\",\"url\":\"https:\\\/\\\/vetk.hu\\\/\",\"logo\":{\"@type\":\"ImageObject\",\"inLanguage\":\"en-GB\",\"@id\":\"https:\\\/\\\/vetk.hu\\\/#\\\/schema\\\/logo\\\/image\\\/\",\"url\":\"https:\\\/\\\/vetk.hu\\\/wp-content\\\/uploads\\\/2023\\\/04\\\/cropped-Group-3.png\",\"contentUrl\":\"https:\\\/\\\/vetk.hu\\\/wp-content\\\/uploads\\\/2023\\\/04\\\/cropped-Group-3.png\",\"width\":353,\"height\":338,\"caption\":\"Veszpr\u00e9mi \u00c9rseki Turisztikai K\u00f6zpont\"},\"image\":{\"@id\":\"https:\\\/\\\/vetk.hu\\\/#\\\/schema\\\/logo\\\/image\\\/\"}},{\"@type\":\"Person\",\"@id\":\"https:\\\/\\\/vetk.hu\\\/#\\\/schema\\\/person\\\/f74be88ca28547b570f744b888847fb4\",\"name\":\"Kiss D\u00e1vid\",\"image\":{\"@type\":\"ImageObject\",\"inLanguage\":\"en-GB\",\"@id\":\"https:\\\/\\\/secure.gravatar.com\\\/avatar\\\/e0fada96396a04ef09fa4492576e5e96b118daafa4c00823eea14a95a0b9581a?s=96&d=mm&r=g\",\"url\":\"https:\\\/\\\/secure.gravatar.com\\\/avatar\\\/e0fada96396a04ef09fa4492576e5e96b118daafa4c00823eea14a95a0b9581a?s=96&d=mm&r=g\",\"contentUrl\":\"https:\\\/\\\/secure.gravatar.com\\\/avatar\\\/e0fada96396a04ef09fa4492576e5e96b118daafa4c00823eea14a95a0b9581a?s=96&d=mm&r=g\",\"caption\":\"Kiss D\u00e1vid\"},\"sameAs\":[\"http:\\\/\\\/www.veszpremiersekseg.hu\"],\"url\":\"https:\\\/\\\/vetk.hu\\\/en\\\/author\\\/kiss-david\\\/\"}]}<\/script>\n<!-- \/ Yoast SEO plugin. -->","yoast_head_json":{"title":"Gizella-napi vezetett v\u00e1rs\u00e9t\u00e1k - Regisztr\u00e1ci\u00f3 - Veszpr\u00e9mi \u00c9rseks\u00e9g Turisztikai K\u00f6zpont","description":"Fedezd fel a veszpr\u00e9mi V\u00e1rnegyedet a Gizella Napokon! Id\u0151pontok, tematikus v\u00e1rs\u00e9t\u00e1k \u00e9s regisztr\u00e1ci\u00f3 egy helyen.","robots":{"index":"index","follow":"follow","max-snippet":"max-snippet:-1","max-image-preview":"max-image-preview:large","max-video-preview":"max-video-preview:-1"},"canonical":"https:\/\/vetk.hu\/en\/2026\/04\/30\/gizella-napok-varsetak-veszpremben-idopontok-es-regisztracio\/","og_locale":"en_GB","og_type":"article","og_title":"Gizella-napi vezetett v\u00e1rs\u00e9t\u00e1k - Regisztr\u00e1ci\u00f3 - Veszpr\u00e9mi \u00c9rseks\u00e9g Turisztikai K\u00f6zpont","og_description":"Fedezd fel a veszpr\u00e9mi V\u00e1rnegyedet a Gizella Napokon! Id\u0151pontok, tematikus v\u00e1rs\u00e9t\u00e1k \u00e9s regisztr\u00e1ci\u00f3 egy helyen.","og_url":"https:\/\/vetk.hu\/en\/2026\/04\/30\/gizella-napok-varsetak-veszpremben-idopontok-es-regisztracio\/","og_site_name":"Veszpr\u00e9mi \u00c9rseks\u00e9g Turisztikai K\u00f6zpont","article_published_time":"2026-04-30T07:52:30+00:00","article_modified_time":"2026-04-30T07:59:45+00:00","og_image":[{"width":800,"height":800,"url":"https:\/\/vetk.hu\/wp-content\/uploads\/2026\/04\/giella-vezetett-varsetak.jpg","type":"image\/jpeg"}],"author":"Kiss D\u00e1vid","twitter_card":"summary_large_image","twitter_misc":{"Written by":"Kiss D\u00e1vid","Estimated reading time":"2 minutes"},"schema":{"@context":"https:\/\/schema.org","@graph":[{"@type":"Article","@id":"https:\/\/vetk.hu\/2026\/04\/30\/gizella-napok-varsetak-veszpremben-idopontok-es-regisztracio\/#article","isPartOf":{"@id":"https:\/\/vetk.hu\/2026\/04\/30\/gizella-napok-varsetak-veszpremben-idopontok-es-regisztracio\/"},"author":{"name":"Kiss D\u00e1vid","@id":"https:\/\/vetk.hu\/#\/schema\/person\/f74be88ca28547b570f744b888847fb4"},"headline":"Gizella-napi vezetett v\u00e1rs\u00e9t\u00e1k &#8211; Regisztr\u00e1ci\u00f3","datePublished":"2026-04-30T07:52:30+00:00","dateModified":"2026-04-30T07:59:45+00:00","mainEntityOfPage":{"@id":"https:\/\/vetk.hu\/2026\/04\/30\/gizella-napok-varsetak-veszpremben-idopontok-es-regisztracio\/"},"wordCount":413,"commentCount":0,"publisher":{"@id":"https:\/\/vetk.hu\/#organization"},"image":{"@id":"https:\/\/vetk.hu\/2026\/04\/30\/gizella-napok-varsetak-veszpremben-idopontok-es-regisztracio\/#primaryimage"},"thumbnailUrl":"https:\/\/vetk.hu\/wp-content\/uploads\/2026\/04\/giella-vezetett-varsetak.jpg","articleSection":["H\u00edrek"],"inLanguage":"en-GB","potentialAction":[{"@type":"CommentAction","name":"Comment","target":["https:\/\/vetk.hu\/2026\/04\/30\/gizella-napok-varsetak-veszpremben-idopontok-es-regisztracio\/#respond"]}]},{"@type":"WebPage","@id":"https:\/\/vetk.hu\/2026\/04\/30\/gizella-napok-varsetak-veszpremben-idopontok-es-regisztracio\/","url":"https:\/\/vetk.hu\/2026\/04\/30\/gizella-napok-varsetak-veszpremben-idopontok-es-regisztracio\/","name":"Gizella-napi vezetett v\u00e1rs\u00e9t\u00e1k - Regisztr\u00e1ci\u00f3 - Veszpr\u00e9mi \u00c9rseks\u00e9g Turisztikai K\u00f6zpont","isPartOf":{"@id":"https:\/\/vetk.hu\/#website"},"primaryImageOfPage":{"@id":"https:\/\/vetk.hu\/2026\/04\/30\/gizella-napok-varsetak-veszpremben-idopontok-es-regisztracio\/#primaryimage"},"image":{"@id":"https:\/\/vetk.hu\/2026\/04\/30\/gizella-napok-varsetak-veszpremben-idopontok-es-regisztracio\/#primaryimage"},"thumbnailUrl":"https:\/\/vetk.hu\/wp-content\/uploads\/2026\/04\/giella-vezetett-varsetak.jpg","datePublished":"2026-04-30T07:52:30+00:00","dateModified":"2026-04-30T07:59:45+00:00","description":"Fedezd fel a veszpr\u00e9mi V\u00e1rnegyedet a Gizella Napokon! Id\u0151pontok, tematikus v\u00e1rs\u00e9t\u00e1k \u00e9s regisztr\u00e1ci\u00f3 egy helyen.","breadcrumb":{"@id":"https:\/\/vetk.hu\/2026\/04\/30\/gizella-napok-varsetak-veszpremben-idopontok-es-regisztracio\/#breadcrumb"},"inLanguage":"en-GB","potentialAction":[{"@type":"ReadAction","target":["https:\/\/vetk.hu\/2026\/04\/30\/gizella-napok-varsetak-veszpremben-idopontok-es-regisztracio\/"]}]},{"@type":"ImageObject","inLanguage":"en-GB","@id":"https:\/\/vetk.hu\/2026\/04\/30\/gizella-napok-varsetak-veszpremben-idopontok-es-regisztracio\/#primaryimage","url":"https:\/\/vetk.hu\/wp-content\/uploads\/2026\/04\/giella-vezetett-varsetak.jpg","contentUrl":"https:\/\/vetk.hu\/wp-content\/uploads\/2026\/04\/giella-vezetett-varsetak.jpg","width":800,"height":800},{"@type":"BreadcrumbList","@id":"https:\/\/vetk.hu\/2026\/04\/30\/gizella-napok-varsetak-veszpremben-idopontok-es-regisztracio\/#breadcrumb","itemListElement":[{"@type":"ListItem","position":1,"name":"Home","item":"https:\/\/vetk.hu\/"},{"@type":"ListItem","position":2,"name":"Gizella-napi vezetett v\u00e1rs\u00e9t\u00e1k &#8211; Regisztr\u00e1ci\u00f3"}]},{"@type":"WebSite","@id":"https:\/\/vetk.hu\/#website","url":"https:\/\/vetk.hu\/","name":"Veszpr\u00e9mi \u00c9rseki Turisztikai K\u00f6zpont \u2013 Hit, \u00f6r\u00f6ks\u00e9g, \u00e9lm\u00e9ny | vetk.hu","description":"","publisher":{"@id":"https:\/\/vetk.hu\/#organization"},"potentialAction":[{"@type":"SearchAction","target":{"@type":"EntryPoint","urlTemplate":"https:\/\/vetk.hu\/?s={search_term_string}"},"query-input":{"@type":"PropertyValueSpecification","valueRequired":true,"valueName":"search_term_string"}}],"inLanguage":"en-GB"},{"@type":"Organization","@id":"https:\/\/vetk.hu\/#organization","name":"Veszpr\u00e9mi \u00c9rseki Turisztikai K\u00f6zpont","url":"https:\/\/vetk.hu\/","logo":{"@type":"ImageObject","inLanguage":"en-GB","@id":"https:\/\/vetk.hu\/#\/schema\/logo\/image\/","url":"https:\/\/vetk.hu\/wp-content\/uploads\/2023\/04\/cropped-Group-3.png","contentUrl":"https:\/\/vetk.hu\/wp-content\/uploads\/2023\/04\/cropped-Group-3.png","width":353,"height":338,"caption":"Veszpr\u00e9mi \u00c9rseki Turisztikai K\u00f6zpont"},"image":{"@id":"https:\/\/vetk.hu\/#\/schema\/logo\/image\/"}},{"@type":"Person","@id":"https:\/\/vetk.hu\/#\/schema\/person\/f74be88ca28547b570f744b888847fb4","name":"Kiss D\u00e1vid","image":{"@type":"ImageObject","inLanguage":"en-GB","@id":"https:\/\/secure.gravatar.com\/avatar\/e0fada96396a04ef09fa4492576e5e96b118daafa4c00823eea14a95a0b9581a?s=96&d=mm&r=g","url":"https:\/\/secure.gravatar.com\/avatar\/e0fada96396a04ef09fa4492576e5e96b118daafa4c00823eea14a95a0b9581a?s=96&d=mm&r=g","contentUrl":"https:\/\/secure.gravatar.com\/avatar\/e0fada96396a04ef09fa4492576e5e96b118daafa4c00823eea14a95a0b9581a?s=96&d=mm&r=g","caption":"Kiss D\u00e1vid"},"sameAs":["http:\/\/www.veszpremiersekseg.hu"],"url":"https:\/\/vetk.hu\/en\/author\/kiss-david\/"}]}},"_links":{"self":[{"href":"https:\/\/vetk.hu\/en\/wp-json\/wp\/v2\/posts\/9245","targetHints":{"allow":["GET"]}}],"collection":[{"href":"https:\/\/vetk.hu\/en\/wp-json\/wp\/v2\/posts"}],"about":[{"href":"https:\/\/vetk.hu\/en\/wp-json\/wp\/v2\/types\/post"}],"author":[{"embeddable":true,"href":"https:\/\/vetk.hu\/en\/wp-json\/wp\/v2\/users\/5"}],"replies":[{"embeddable":true,"href":"https:\/\/vetk.hu\/en\/wp-json\/wp\/v2\/comments?post=9245"}],"version-history":[{"count":4,"href":"https:\/\/vetk.hu\/en\/wp-json\/wp\/v2\/posts\/9245\/revisions"}],"predecessor-version":[{"id":9250,"href":"https:\/\/vetk.hu\/en\/wp-json\/wp\/v2\/posts\/9245\/revisions\/9250"}],"wp:featuredmedia":[{"embeddable":true,"href":"https:\/\/vetk.hu\/en\/wp-json\/wp\/v2\/media\/9246"}],"wp:attachment":[{"href":"https:\/\/vetk.hu\/en\/wp-json\/wp\/v2\/media?parent=9245"}],"wp:term":[{"taxonomy":"category","embeddable":true,"href":"https:\/\/vetk.hu\/en\/wp-json\/wp\/v2\/categories?post=9245"},{"taxonomy":"post_tag","embeddable":true,"href":"https:\/\/vetk.hu\/en\/wp-json\/wp\/v2\/tags?post=9245"}],"curies":[{"name":"wp","href":"https:\/\/api.w.org\/{rel}","templated":true}]}}